
{"id":15449,"date":"2026-03-14T20:33:44","date_gmt":"2026-03-14T19:33:44","guid":{"rendered":"https:\/\/blog.polityka.pl\/chetkowski\/?p=15449"},"modified":"2026-03-13T20:35:31","modified_gmt":"2026-03-13T19:35:31","slug":"maturzysci-zaluja-ze-nie-wybrali-innych-przedmiotow","status":"publish","type":"post","link":"https:\/\/blog.polityka.pl\/chetkowski\/2026\/03\/14\/maturzysci-zaluja-ze-nie-wybrali-innych-przedmiotow\/","title":{"rendered":"Maturzy\u015bci \u017ca\u0142uj\u0105, \u017ce nie wybrali innych przedmiot\u00f3w"},"content":{"rendered":"\n<p>Maturzy\u015bci nie mog\u0105 ju\u017c zmieni\u0107 przedmiot\u00f3w, kt\u00f3re b\u0119d\u0105 zdawa\u0107 na tegorocznym egzaminie dojrza\u0142o\u015bci. Na z\u0142o\u017cenie deklaracji mieli czas do 7 lutego. Teraz uczniowie prze\u017cywaj\u0105 stres podecyzyjny. Dopada ich strach, \u017ce wybrali \u017ale. Niekt\u00f3rzy wiele by dali, \u017ceby zmieni\u0107 sw\u00f3j wyb\u00f3r.<\/p>\n\n\n\n<!--more-->\n\n\n\n<p>To normalne uczucie, jednak dla nastolatk\u00f3w nowe. Dlatego je bardzo prze\u017cywaj\u0105. Tym mocniej, im wi\u0119cej krytycznych uwag s\u0142ysz\u0105 od nauczycieli. Je\u015bli kto\u015b wybra\u0142 biologi\u0119, a teraz dowiaduje si\u0119 od biologa, \u017ce tak z\u0142ej klasy z jego przedmiotu jeszcze w tej szkole nie by\u0142o, wpada w panik\u0119. Mo\u017ce lepszym wyborem by\u0142aby chemia?<\/p>\n\n\n\n<p>Nie ma sensu krytykowa\u0107 uczniowskich wybor\u00f3w, gdy nie da si\u0119 ju\u017c ich zmieni\u0107. Lepiej motywowa\u0107 pozytywnie ni\u017c negatywnie. Dlatego gdy moi uczniowie zdecydowali si\u0119 zdawa\u0107 na maturze j\u0119zyk polski na poziomie rozszerzonym (i ju\u017c nie mog\u0119 wybi\u0107 im tego z g\u0142owy), prosz\u0119 historyka, aby przy okazji jakiej\u015b kartk\u00f3wki powiedzia\u0142, \u017ce or\u0142ami z historii nie s\u0105. Na szcz\u0119\u015bcie nie wybrali na maturze historii, tylko j\u0119zyk polski. Dobra decyzja!<\/p>\n\n\n\n<p>Gdy za\u015b wybrali histori\u0119, wtedy dociskam im \u015brub\u0119 z polskiego i m\u00f3wi\u0119, \u017ce or\u0142ami z mojego przedmiotu nie s\u0105, na szcz\u0119\u015bcie na maturze b\u0119d\u0105 zdawa\u0107 histori\u0119, a nie polski rozszerzony. Jak si\u0119 to zrobi umiej\u0119tnie, dzieciaki s\u0105 szcz\u0119\u015bliwe, \u017ce wybra\u0142y dobrze. Dlatego tych, co wybrali biologi\u0119, ma prawo krytykowa\u0107 chemik, natomiast biolog niech si\u0119 ugryzie w j\u0119zyk i cierpliwie uczy. B\u0119dzie dobrze.<\/p>\n","protected":false},"excerpt":{"rendered":"<p>Maturzy\u015bci nie mog\u0105 ju\u017c zmieni\u0107 przedmiot\u00f3w, kt\u00f3re b\u0119d\u0105 zdawa\u0107 na tegorocznym egzaminie dojrza\u0142o\u015bci. Na z\u0142o\u017cenie deklaracji mieli czas do 7 lutego. Teraz uczniowie prze\u017cywaj\u0105 stres podecyzyjny. Dopada ich strach, \u017ce wybrali \u017ale. Niekt\u00f3rzy wiele by dali, \u017ceby zmieni\u0107 sw\u00f3j wyb\u00f3r.<\/p>\n","protected":false},"author":1,"featured_media":0,"comment_status":"open","ping_status":"","sticky":false,"template":"","format":"standard","meta":{"footnotes":""},"categories":[1],"tags":[],"_links":{"self":[{"href":"https:\/\/blog.polityka.pl\/chetkowski\/wp-json\/wp\/v2\/posts\/15449"}],"collection":[{"href":"https:\/\/blog.polityka.pl\/chetkowski\/wp-json\/wp\/v2\/posts"}],"about":[{"href":"https:\/\/blog.polityka.pl\/chetkowski\/wp-json\/wp\/v2\/types\/post"}],"author":[{"embeddable":true,"href":"https:\/\/blog.polityka.pl\/chetkowski\/wp-json\/wp\/v2\/users\/1"}],"replies":[{"embeddable":true,"href":"https:\/\/blog.polityka.pl\/chetkowski\/wp-json\/wp\/v2\/comments?post=15449"}],"version-history":[{"count":2,"href":"https:\/\/blog.polityka.pl\/chetkowski\/wp-json\/wp\/v2\/posts\/15449\/revisions"}],"predecessor-version":[{"id":15451,"href":"https:\/\/blog.polityka.pl\/chetkowski\/wp-json\/wp\/v2\/posts\/15449\/revisions\/15451"}],"wp:attachment":[{"href":"https:\/\/blog.polityka.pl\/chetkowski\/wp-json\/wp\/v2\/media?parent=15449"}],"wp:term":[{"taxonomy":"category","embeddable":true,"href":"https:\/\/blog.polityka.pl\/chetkowski\/wp-json\/wp\/v2\/categories?post=15449"},{"taxonomy":"post_tag","embeddable":true,"href":"https:\/\/blog.polityka.pl\/chetkowski\/wp-json\/wp\/v2\/tags?post=15449"}],"curies":[{"name":"wp","href":"https:\/\/api.w.org\/{rel}","templated":true}]}}