
{"id":15482,"date":"2026-04-06T13:26:29","date_gmt":"2026-04-06T11:26:29","guid":{"rendered":"https:\/\/blog.polityka.pl\/chetkowski\/?p=15482"},"modified":"2026-04-06T13:26:29","modified_gmt":"2026-04-06T11:26:29","slug":"koniec-nauki-w-klasach-maturalnych-co-dalej","status":"publish","type":"post","link":"https:\/\/blog.polityka.pl\/chetkowski\/2026\/04\/06\/koniec-nauki-w-klasach-maturalnych-co-dalej\/","title":{"rendered":"Koniec nauki w klasach maturalnych. Co dalej?"},"content":{"rendered":"\n<p>Oficjalnie nauka w klasach maturalnych trwa do 24 kwietnia. Faktycznie ko\u0144czy si\u0119 wtedy, gdy nauczyciele wystawi\u0105 oceny na koniec roku. Jak to zrobi\u0105, mo\u017cna przesta\u0107 przychodzi\u0107 do szko\u0142y. M\u0142odzie\u017c chce, aby sta\u0142o si\u0119 to jak najwcze\u015bniej.<\/p>\n\n\n\n<!--more-->\n\n\n\n<p>Wi\u0119kszo\u015b\u0107 nauczycieli wystawi\u0142a oceny ju\u017c przed \u015bwi\u0119tami. W moim liceum ostatecznym terminem jest 10 kwietnia. Po wystawieniu ocen na lekcje b\u0119d\u0105 przychodzi\u0142y pojedyncze osoby. To raczej b\u0119d\u0105 konsultacje do matury ni\u017c typowe zaj\u0119cia.<\/p>\n\n\n\n<p>M\u0142odzie\u017c domaga si\u0119 coraz d\u0142u\u017cszej przerwy od zako\u0144czenia obowi\u0105zku przychodzenia na lekcje do pierwszego dnia egzamin\u00f3w. Potrzeba czasu, aby przygotowa\u0107 si\u0119 do matury. Idea\u0142em by\u0142oby 100 dni (po studni\u00f3wce lekcje przestaj\u0105 by\u0107 obowi\u0105zkowe). W ostatnim p\u00f3\u0142roczu nie powinno ju\u017c by\u0107 \u017cadnych lekcji, a jedynie pr\u00f3bne egzaminy, symulacje ustnych egzamin\u00f3w, konsultacje do matury. Tylko dla ch\u0119tnych, \u017cadnego przymusu.<\/p>\n\n\n\n<p>Uczniowie mojego liceum wynegocjowali dwa tygodnie wolnego. Chcieli miesi\u0105c, ale stan\u0119\u0142o na 10 kwietnia. Po wystawieniu ocen do szko\u0142y przychodz\u0105 tylko ch\u0119tni. Niekt\u00f3rzy nauczyciele licz\u0105, \u017ce nie przyjdzie nikt.<\/p>\n","protected":false},"excerpt":{"rendered":"<p>Oficjalnie nauka w klasach maturalnych trwa do 24 kwietnia. Faktycznie ko\u0144czy si\u0119 wtedy, gdy nauczyciele wystawi\u0105 oceny na koniec roku. Jak to zrobi\u0105, mo\u017cna przesta\u0107 przychodzi\u0107 do szko\u0142y. M\u0142odzie\u017c chce, aby sta\u0142o si\u0119 to jak najwcze\u015bniej.<\/p>\n","protected":false},"author":1,"featured_media":0,"comment_status":"open","ping_status":"","sticky":false,"template":"","format":"standard","meta":{"footnotes":""},"categories":[1],"tags":[],"_links":{"self":[{"href":"https:\/\/blog.polityka.pl\/chetkowski\/wp-json\/wp\/v2\/posts\/15482"}],"collection":[{"href":"https:\/\/blog.polityka.pl\/chetkowski\/wp-json\/wp\/v2\/posts"}],"about":[{"href":"https:\/\/blog.polityka.pl\/chetkowski\/wp-json\/wp\/v2\/types\/post"}],"author":[{"embeddable":true,"href":"https:\/\/blog.polityka.pl\/chetkowski\/wp-json\/wp\/v2\/users\/1"}],"replies":[{"embeddable":true,"href":"https:\/\/blog.polityka.pl\/chetkowski\/wp-json\/wp\/v2\/comments?post=15482"}],"version-history":[{"count":3,"href":"https:\/\/blog.polityka.pl\/chetkowski\/wp-json\/wp\/v2\/posts\/15482\/revisions"}],"predecessor-version":[{"id":15485,"href":"https:\/\/blog.polityka.pl\/chetkowski\/wp-json\/wp\/v2\/posts\/15482\/revisions\/15485"}],"wp:attachment":[{"href":"https:\/\/blog.polityka.pl\/chetkowski\/wp-json\/wp\/v2\/media?parent=15482"}],"wp:term":[{"taxonomy":"category","embeddable":true,"href":"https:\/\/blog.polityka.pl\/chetkowski\/wp-json\/wp\/v2\/categories?post=15482"},{"taxonomy":"post_tag","embeddable":true,"href":"https:\/\/blog.polityka.pl\/chetkowski\/wp-json\/wp\/v2\/tags?post=15482"}],"curies":[{"name":"wp","href":"https:\/\/api.w.org\/{rel}","templated":true}]}}