
{"id":15524,"date":"2026-04-24T21:40:05","date_gmt":"2026-04-24T19:40:05","guid":{"rendered":"https:\/\/blog.polityka.pl\/chetkowski\/?p=15524"},"modified":"2026-04-26T15:22:55","modified_gmt":"2026-04-26T13:22:55","slug":"takiego-zakonczenia-nauki-w-klasach-maturalnych-jeszcze-nie-bylo","status":"publish","type":"post","link":"https:\/\/blog.polityka.pl\/chetkowski\/2026\/04\/24\/takiego-zakonczenia-nauki-w-klasach-maturalnych-jeszcze-nie-bylo\/","title":{"rendered":"Takiego zako\u0144czenia nauki w klasach maturalnych jeszcze nie by\u0142o"},"content":{"rendered":"\n<p>Takiego po\u017cegnania klas czwartych jeszcze nie by\u0142o. Najpierw dyrekcja, wychowawcy oraz pozostali nauczyciele zacz\u0119li zasypywa\u0107 uczni\u00f3w komplementami, a potem m\u0142odzie\u017c odpowiedzia\u0142a tym samym. Zrobi\u0142o si\u0119 bardzo s\u0142odko.<\/p>\n\n\n\n<!--more-->\n\n\n\n<p>Zacz\u0119\u0142o si\u0119 od podzi\u0119kowania rodzicom za to, \u017ce powierzyli nam swoje jak\u017ce uzdolnione, wszechstronnie utalentowane i przewspania\u0142e dzieci. Pani dyrektor nie \u017ca\u0142owa\u0142a miodu. W podobnym tonie wypowiedzia\u0142 si\u0119 wicedyrektor. Zapewni\u0142 \u015bwie\u017co upieczonych absolwent\u00f3w, \u017ce s\u0105 przecudowni, \u017ce czeka ich \u015bwietlana przysz\u0142o\u015b\u0107, \u017ce wszyscy s\u0105 z nich dumni. W \u015blady dyrekcji poszli wychowawczynie. Jedna przez drug\u0105 zapewnia\u0142y wychowank\u00f3w, \u017ce s\u0105 najlepsi w \u0141odzi, w Polsce oraz na \u015bwiecie. Nie \u017ca\u0142ujcie sobie marze\u0144, wszystkie zostan\u0105 spe\u0142nione. Zapanowa\u0142a euforia rado\u015bci.<\/p>\n\n\n\n<p>M\u0142odzie\u017c p\u0142aka\u0142a ze szcz\u0119\u015bcia. \u0141zy pop\u0142yn\u0119\u0142y nawet z oczu niekt\u00f3rych ch\u0142opc\u00f3w, ja te\u017c kompletnie si\u0119 rozklei\u0142em. Najwi\u0119ksi twardziele z trudem hamowali wzruszenie. Ca\u0142a sala hucza\u0142a od wielkich s\u0142\u00f3w i gromkich oklask\u00f3w. Uczniowie chwalili pracownik\u00f3w szko\u0142y, \u015bciskano si\u0119 z nauczycielami i m\u00f3wiono im to, co ka\u017cdy pedagog w takiej chwili chcia\u0142by us\u0142ysze\u0107. Jeste\u015bmy wdzi\u0119czni, wdzi\u0119czni, wdzi\u0119czni. T\u0142um rodzic\u00f3w rado\u015bnie przytakiwa\u0142 swoim dzieciom. Nie wiem, jak by si\u0119 to sko\u0144czy\u0142o, gdyby nie g\u0142os z offu (nie mam pewno\u015bci, kto to by\u0142): \u201eNie wierz\u0119 w ani jedno s\u0142owo\u201d. Kurtyna opad\u0142a.<\/p>\n","protected":false},"excerpt":{"rendered":"<p>Takiego po\u017cegnania klas czwartych jeszcze nie by\u0142o. Najpierw dyrekcja, wychowawcy oraz pozostali nauczyciele zacz\u0119li zasypywa\u0107 uczni\u00f3w komplementami, a potem m\u0142odzie\u017c odpowiedzia\u0142a tym samym. Zrobi\u0142o si\u0119 bardzo s\u0142odko.<\/p>\n","protected":false},"author":1,"featured_media":0,"comment_status":"open","ping_status":"","sticky":false,"template":"","format":"standard","meta":{"footnotes":""},"categories":[1],"tags":[],"_links":{"self":[{"href":"https:\/\/blog.polityka.pl\/chetkowski\/wp-json\/wp\/v2\/posts\/15524"}],"collection":[{"href":"https:\/\/blog.polityka.pl\/chetkowski\/wp-json\/wp\/v2\/posts"}],"about":[{"href":"https:\/\/blog.polityka.pl\/chetkowski\/wp-json\/wp\/v2\/types\/post"}],"author":[{"embeddable":true,"href":"https:\/\/blog.polityka.pl\/chetkowski\/wp-json\/wp\/v2\/users\/1"}],"replies":[{"embeddable":true,"href":"https:\/\/blog.polityka.pl\/chetkowski\/wp-json\/wp\/v2\/comments?post=15524"}],"version-history":[{"count":7,"href":"https:\/\/blog.polityka.pl\/chetkowski\/wp-json\/wp\/v2\/posts\/15524\/revisions"}],"predecessor-version":[{"id":15532,"href":"https:\/\/blog.polityka.pl\/chetkowski\/wp-json\/wp\/v2\/posts\/15524\/revisions\/15532"}],"wp:attachment":[{"href":"https:\/\/blog.polityka.pl\/chetkowski\/wp-json\/wp\/v2\/media?parent=15524"}],"wp:term":[{"taxonomy":"category","embeddable":true,"href":"https:\/\/blog.polityka.pl\/chetkowski\/wp-json\/wp\/v2\/categories?post=15524"},{"taxonomy":"post_tag","embeddable":true,"href":"https:\/\/blog.polityka.pl\/chetkowski\/wp-json\/wp\/v2\/tags?post=15524"}],"curies":[{"name":"wp","href":"https:\/\/api.w.org\/{rel}","templated":true}]}}