
{"id":164,"date":"2007-04-10T07:02:16","date_gmt":"2007-04-10T06:02:16","guid":{"rendered":"http:\/\/chetkowski.blog.polityka.pl\/?p=164"},"modified":"2007-04-10T07:02:16","modified_gmt":"2007-04-10T06:02:16","slug":"spalone-poprawczaki","status":"publish","type":"post","link":"https:\/\/blog.polityka.pl\/chetkowski\/2007\/04\/10\/spalone-poprawczaki\/","title":{"rendered":"Spalone poprawczaki"},"content":{"rendered":"<p>Dw\u00f3ch wychowank\u00f3w domu poprawczego w Sadowicach ko\u0142o Wroc\u0142awia nie otrzyma\u0142o przepustek na \u015bwi\u0119ta, wi\u0119c w odwecie podpali\u0142o swoj\u0105 plac\u00f3wk\u0119. Co o tym s\u0105dzi\u0107? Resocjalizacja w domach poprawczych w Polsce obejmuje zaledwie cztery procent wychowank\u00f3w. Mo\u017cna wi\u0119c powiedzie\u0107, \u017ce prawie nikomu nie s\u0142u\u017cy pobyt w tym miejscu. Poprawiaj\u0105 si\u0119 nieliczni, olbrzymia wi\u0119kszo\u015b\u0107 za\u015b albo wychodzi taka sama albo gorsza. Im kr\u00f3tszy pobyt, tym lepiej dla przysz\u0142o\u015bci osadzonego, bo b\u0119dzie mniej zdeprawowany.<\/p>\n<p>Ta kl\u0119ska wychowawcza powoduje, \u017ce kadra pedagog\u00f3w cierpi na wypalenie zawodowe oraz depresj\u0119. Prowadzi\u0142em na pedagogice zaj\u0119cia po\u015bwi\u0119cone pracy resocjalizacyjno-terapeutycznej, w kt\u00f3rych uczestniczyli m. in. pracownicy poprawczak\u00f3w (studia podyplomowe). Przeprowadzi\u0142em badanie stanu psychicznego student\u00f3w, \u017ceby ustali\u0107, czy nadaj\u0105 si\u0119 oni do tego, aby pomaga\u0107 innym, czy te\u017c sami potrzebuj\u0105 pomocy. Badania przeprowadzi\u0142em anonimowo, \u017ceby ograniczy\u0107 sk\u0142onno\u015b\u0107 do udzielania fa\u0142szywych odpowiedzi. Wi\u0119kszo\u015b\u0107 badanych by\u0142a w tzw. normie, tzn. ani w euforii, ani w depresji. Jednak kilka os\u00f3b ujawni\u0142o wyniki tak skrajnego za\u0142amania, \u017ce wed\u0142ug standard\u00f3w same nie powinny zostawa\u0107 bez opieki. W \u017cadnym wypadku za\u015b nie wolno im prowadzi\u0107 resocjalizacji, bo mog\u0105 tylko zaszkodzi\u0107 swoim wychowankom.<\/p>\n<p>Kiedy si\u0119 zdziwi\u0142em, \u017ce to chyba niemo\u017cliwe, jedna z pa\u0144 wsta\u0142a i wyja\u015bni\u0142a, \u017ce jest tu grupka pracownik\u00f3w poprawczak\u00f3w i \u017ce te najgorsze wyniki dotycz\u0105 w\u0142a\u015bnie tej grupy. Wyja\u015bni\u0142a, \u017ce ona sama i wiele kole\u017canek oraz koleg\u00f3w prze\u017cywa silne zniech\u0119cenie, nieraz d\u0142ugotrwa\u0142\u0105 depresj\u0119. Poniewa\u017c nie jestem przygotowany do udzielania pomocy psychicznej za\u0142amanym pracownikom, mog\u0142em tylko udawa\u0107, \u017ce chyba przesadzaj\u0105, i po przyjacielsku pociesza\u0107, \u017ce wszystko b\u0119dzie dobrze. Fakty s\u0105 jednak takie, i\u017c dobrze wcale nie b\u0119dzie. Mo\u017ce by\u0107 najwy\u017cej coraz gorzej. Podopieczni doskonale wiedz\u0105, \u017ce kadra jest w z\u0142ej formie psychicznej, dlatego czuj\u0105 si\u0119 niepewnie. Nie wiedz\u0105, czego mog\u0105 si\u0119 spodziewa\u0107 od swoich opiekun\u00f3w, wi\u0119c dostaj\u0105 sza\u0142u.<\/p>\n<p>Bior\u0105c to wszystko pod uwag\u0119, uwa\u017cam, \u017ce resocjalizacj\u0119 wychowank\u00f3w trzeba prowadzi\u0107 r\u00f3wnocze\u015bnie z udzielaniem pomocy pracownikom poprawczak\u00f3w. Je\u015bli za\u015b takich dwustronnych dzia\u0142a\u0144 si\u0119 nie poprowadzi, r\u00f3wnie dobrze mo\u017cna by pozamyka\u0107 wychowank\u00f3w w klatkach i zatrudni\u0107 do ich pilnowania ochroniarzy bez przygotowania pedagogicznego. Zreszt\u0105 ju\u017c teraz wiele poprawczak\u00f3w to zwyk\u0142e klatki dla m\u0142odzie\u017cy, a nie \u017cadne plac\u00f3wki opieku\u0144czo-wychowawcze.<\/p>\n","protected":false},"excerpt":{"rendered":"<p>Dw\u00f3ch wychowank\u00f3w domu poprawczego w Sadowicach ko\u0142o Wroc\u0142awia nie otrzyma\u0142o przepustek na \u015bwi\u0119ta, wi\u0119c w odwecie podpali\u0142o swoj\u0105 plac\u00f3wk\u0119. Co o tym s\u0105dzi\u0107? Resocjalizacja w domach poprawczych w Polsce obejmuje zaledwie cztery procent wychowank\u00f3w. Mo\u017cna wi\u0119c powiedzie\u0107, \u017ce prawie nikomu nie s\u0142u\u017cy pobyt w tym miejscu. Poprawiaj\u0105 si\u0119 nieliczni, olbrzymia wi\u0119kszo\u015b\u0107 za\u015b albo wychodzi taka [&hellip;]<\/p>\n","protected":false},"author":1,"featured_media":0,"comment_status":"open","ping_status":"open","sticky":false,"template":"","format":"standard","meta":{"footnotes":""},"categories":[1],"tags":[],"_links":{"self":[{"href":"https:\/\/blog.polityka.pl\/chetkowski\/wp-json\/wp\/v2\/posts\/164"}],"collection":[{"href":"https:\/\/blog.polityka.pl\/chetkowski\/wp-json\/wp\/v2\/posts"}],"about":[{"href":"https:\/\/blog.polityka.pl\/chetkowski\/wp-json\/wp\/v2\/types\/post"}],"author":[{"embeddable":true,"href":"https:\/\/blog.polityka.pl\/chetkowski\/wp-json\/wp\/v2\/users\/1"}],"replies":[{"embeddable":true,"href":"https:\/\/blog.polityka.pl\/chetkowski\/wp-json\/wp\/v2\/comments?post=164"}],"version-history":[{"count":0,"href":"https:\/\/blog.polityka.pl\/chetkowski\/wp-json\/wp\/v2\/posts\/164\/revisions"}],"wp:attachment":[{"href":"https:\/\/blog.polityka.pl\/chetkowski\/wp-json\/wp\/v2\/media?parent=164"}],"wp:term":[{"taxonomy":"category","embeddable":true,"href":"https:\/\/blog.polityka.pl\/chetkowski\/wp-json\/wp\/v2\/categories?post=164"},{"taxonomy":"post_tag","embeddable":true,"href":"https:\/\/blog.polityka.pl\/chetkowski\/wp-json\/wp\/v2\/tags?post=164"}],"curies":[{"name":"wp","href":"https:\/\/api.w.org\/{rel}","templated":true}]}}