
{"id":1869,"date":"2011-08-08T13:11:46","date_gmt":"2011-08-08T11:11:46","guid":{"rendered":"http:\/\/chetkowski.blog.polityka.pl\/?p=1869"},"modified":"2011-08-08T13:11:46","modified_gmt":"2011-08-08T11:11:46","slug":"nauczyciele-daja-zarobic","status":"publish","type":"post","link":"https:\/\/blog.polityka.pl\/chetkowski\/2011\/08\/08\/nauczyciele-daja-zarobic\/","title":{"rendered":"Nauczyciele daj\u0105 zarobi\u0107"},"content":{"rendered":"<p>Tyle si\u0119 m\u00f3wi o odebraniu nauczycielom wakacji, ale w og\u00f3le nie my\u015bli si\u0119 o skutkach tej decyzji. Ostatnio znowu w\u0119druj\u0119 po Suwalszczy\u017anie i wsz\u0119dzie widz\u0119 koleg\u00f3w po fachu. Wczoraj skorzysta\u0142em z paru atrakcji &#8211; ani drogich, ani tanich, takich w sam raz na nauczycielsk\u0105 kiesze\u0144. Wda\u0142em si\u0119 przy okazji w rozmow\u0119 z gospodarzem. Kiedy powiedzia\u0142em, \u017ce jestem nauczycielem, us\u0142ysza\u0142em, i\u017c co roku maj\u0105 tu zatrz\u0119sienie nauczycieli. Gdyby nie ta grupa zawodowa, poszliby z torbami.<\/p>\n<p>Ch\u0119tnie pojecha\u0142bym na urlop nad po\u0142udniowe morze. Jednak trzeba liczy\u0107 si\u0119 z kosztami. Szczeg\u00f3lnie gdy ma si\u0119 d\u0142ugi urlop. Gdyby nauczyciele mieli urlop, jak moi przyjaciele, dwutygodniowy, i taki sam w innym terminie, to staraliby si\u0119 go w pe\u0142ni wykorzysta\u0107. Raczej nie sp\u0119dzaliby go w Polsce. Ryzyko, \u017ce trafi si\u0119 na z\u0142\u0105 pogod\u0119, jest w naszym kraju zbyt du\u017ce. Dwutygodniowy urlop trzeba by sp\u0119dzi\u0107 przynajmniej w Chorwacji.<\/p>\n<p>Nauczyciele sp\u0119dzaj\u0105 sw\u00f3j urlop na Suwalszczy\u017anie. Pogoda w tym roku kiepska: to deszcz, to chmury, raz w tygodniu pe\u0142ne s\u0142o\u0144ce. Nikt jednak nie narzeka, bo przecie\u017c mamy dwa miesi\u0105ce wakacji. Jak nie wyjdzie w lipcu, to uda si\u0119 w sierpniu. Jak pogoda wyp\u0119dzi z Suwalszczyzny, to pojedzie si\u0119 w Bieszczady. Nauczyciele z rado\u015bci\u0105 sp\u0119dzaj\u0105 wolne dni nad polskimi jeziorami, morzem czy w g\u00f3rach i nie przejmuj\u0105 si\u0119 z\u0142\u0105 pogod\u0105. A ludzie \u017cyj\u0105cy z turyst\u00f3w ciesz\u0105 si\u0119, \u017ce przynajmniej na t\u0119 grup\u0119 zawodow\u0105 zawsze mog\u0105 liczy\u0107. Mo\u017ce nie s\u0105 to z\u0142oci klienci, ale zawsze co\u015b. Lepszy rydz ni\u017c nic. A gdyby nie by\u0142o wakacji, by\u0142oby nic.<\/p>\n","protected":false},"excerpt":{"rendered":"<p>Tyle si\u0119 m\u00f3wi o odebraniu nauczycielom wakacji, ale w og\u00f3le nie my\u015bli si\u0119 o skutkach tej decyzji. Ostatnio znowu w\u0119druj\u0119 po Suwalszczy\u017anie i wsz\u0119dzie widz\u0119 koleg\u00f3w po fachu. Wczoraj skorzysta\u0142em z paru atrakcji &#8211; ani drogich, ani tanich, takich w sam raz na nauczycielsk\u0105 kiesze\u0144. Wda\u0142em si\u0119 przy okazji w rozmow\u0119 z gospodarzem. Kiedy powiedzia\u0142em, [&hellip;]<\/p>\n","protected":false},"author":1,"featured_media":0,"comment_status":"open","ping_status":"open","sticky":false,"template":"","format":"standard","meta":{"footnotes":""},"categories":[1],"tags":[],"_links":{"self":[{"href":"https:\/\/blog.polityka.pl\/chetkowski\/wp-json\/wp\/v2\/posts\/1869"}],"collection":[{"href":"https:\/\/blog.polityka.pl\/chetkowski\/wp-json\/wp\/v2\/posts"}],"about":[{"href":"https:\/\/blog.polityka.pl\/chetkowski\/wp-json\/wp\/v2\/types\/post"}],"author":[{"embeddable":true,"href":"https:\/\/blog.polityka.pl\/chetkowski\/wp-json\/wp\/v2\/users\/1"}],"replies":[{"embeddable":true,"href":"https:\/\/blog.polityka.pl\/chetkowski\/wp-json\/wp\/v2\/comments?post=1869"}],"version-history":[{"count":3,"href":"https:\/\/blog.polityka.pl\/chetkowski\/wp-json\/wp\/v2\/posts\/1869\/revisions"}],"predecessor-version":[{"id":1872,"href":"https:\/\/blog.polityka.pl\/chetkowski\/wp-json\/wp\/v2\/posts\/1869\/revisions\/1872"}],"wp:attachment":[{"href":"https:\/\/blog.polityka.pl\/chetkowski\/wp-json\/wp\/v2\/media?parent=1869"}],"wp:term":[{"taxonomy":"category","embeddable":true,"href":"https:\/\/blog.polityka.pl\/chetkowski\/wp-json\/wp\/v2\/categories?post=1869"},{"taxonomy":"post_tag","embeddable":true,"href":"https:\/\/blog.polityka.pl\/chetkowski\/wp-json\/wp\/v2\/tags?post=1869"}],"curies":[{"name":"wp","href":"https:\/\/api.w.org\/{rel}","templated":true}]}}