
{"id":1947,"date":"2011-08-24T21:44:10","date_gmt":"2011-08-24T19:44:10","guid":{"rendered":"http:\/\/chetkowski.blog.polityka.pl\/?p=1947"},"modified":"2011-08-24T21:44:10","modified_gmt":"2011-08-24T19:44:10","slug":"przedszkole-jest-super-a-szkola-be","status":"publish","type":"post","link":"https:\/\/blog.polityka.pl\/chetkowski\/2011\/08\/24\/przedszkole-jest-super-a-szkola-be\/","title":{"rendered":"Przedszkole jest super, a szko\u0142a be"},"content":{"rendered":"<p>Za kilka dni rozpocznie si\u0119 nowy rok szkolny. Ma on by\u0107 Rokiem Szko\u0142y z Pasj\u0105. Tak\u0105 ide\u0119 wymy\u015bli\u0142o MEN (<a href=\"http:\/\/www.men.gov.pl\/index.php?option=com_content&amp;view=article&amp;id=2335%3Aco-nowego-w-edukacji-od-roku-szkolnego-20112012&amp;catid=119%3Aycie-szkoy-aktualnoci&amp;Itemid=2\" target=\"_blank\">zob. info p. 1<\/a>). Widocznie pasji w szko\u0142ach brakuje, o czym przekonani s\u0105 nie tylko ministerialni urz\u0119dnicy, nauczyciele, gimnazjali\u015bci czy liceali\u015bci, ale nawet berbecie z klas I-III szko\u0142y podstawowej.<\/p>\n<p>Dzisiaj by\u0142em \u015bwiadkiem rozmowy mi\u0119dzy moj\u0105 c\u00f3rk\u0105 (6 lat) i jej kole\u017cank\u0105 z placu zabaw (rok starsza). Siedmiolatka ma za sob\u0105 rok szko\u0142y. Niestety, ju\u017c si\u0119 zrazi\u0142a, dlatego rozpacza, \u017ce wakacje si\u0119 ko\u0144cz\u0105 i trzeba b\u0119dzie chodzi\u0107 na lekcje. Dziewczynka uwa\u017ca, \u017ce w szkole s\u0105 same nudy (tak to w\u0142a\u015bnie okre\u015bli\u0142a\u00a0&#8211; nudy).<\/p>\n<p>Co innego moja c\u00f3rka. Przedszkole uwielbia i nie mo\u017ce si\u0119 doczeka\u0107, kiedy zaczn\u0105 si\u0119 zaj\u0119cia. W wakacje kilka razy m\u0119czy\u0142a mnie, aby chocia\u017c przejecha\u0107 obok bramy przedszkola. Gdy mijali\u015bmy g\u0142\u00f3wne wej\u015bcie, wzruszona pyta\u0142a, ile dni zosta\u0142o do ko\u0144ca wakacji. Cieszy si\u0119, \u017ce to ju\u017c tylko tydzie\u0144. T\u0119skni za paniami nauczycielkami, za kole\u017cankami i kolegami, w og\u00f3le brakuje jej chodzenia do przedszkola.<\/p>\n<p>Albo moja c\u00f3rka jest szalona, albo przedszkole tak wspania\u0142e (b\u0119dzie chodzi\u0107 do niego ju\u017c trzeci rok). A co do wspomnianej wy\u017cej siedmiolatki, to albo jest ona szalona, albo szko\u0142a jest naprawd\u0119 nudna. Jak wyt\u0142umaczy\u0107 t\u0119 niech\u0119\u0107 dziecka do szko\u0142y? Jak poj\u0105\u0107 t\u0119 mi\u0142o\u015b\u0107 do przedszkola? Dlaczego przedszkole mo\u017ce by\u0107 z pasj\u0105, a dla uczni\u00f3w i nauczycieli trzeba og\u0142asza\u0107 hec\u0119 w postaci Roku Szko\u0142y z Pasj\u0105?<\/p>\n","protected":false},"excerpt":{"rendered":"<p>Za kilka dni rozpocznie si\u0119 nowy rok szkolny. Ma on by\u0107 Rokiem Szko\u0142y z Pasj\u0105. Tak\u0105 ide\u0119 wymy\u015bli\u0142o MEN (zob. info p. 1). Widocznie pasji w szko\u0142ach brakuje, o czym przekonani s\u0105 nie tylko ministerialni urz\u0119dnicy, nauczyciele, gimnazjali\u015bci czy liceali\u015bci, ale nawet berbecie z klas I-III szko\u0142y podstawowej. Dzisiaj by\u0142em \u015bwiadkiem rozmowy mi\u0119dzy moj\u0105 c\u00f3rk\u0105 [&hellip;]<\/p>\n","protected":false},"author":1,"featured_media":0,"comment_status":"open","ping_status":"open","sticky":false,"template":"","format":"standard","meta":{"footnotes":""},"categories":[1],"tags":[],"_links":{"self":[{"href":"https:\/\/blog.polityka.pl\/chetkowski\/wp-json\/wp\/v2\/posts\/1947"}],"collection":[{"href":"https:\/\/blog.polityka.pl\/chetkowski\/wp-json\/wp\/v2\/posts"}],"about":[{"href":"https:\/\/blog.polityka.pl\/chetkowski\/wp-json\/wp\/v2\/types\/post"}],"author":[{"embeddable":true,"href":"https:\/\/blog.polityka.pl\/chetkowski\/wp-json\/wp\/v2\/users\/1"}],"replies":[{"embeddable":true,"href":"https:\/\/blog.polityka.pl\/chetkowski\/wp-json\/wp\/v2\/comments?post=1947"}],"version-history":[{"count":3,"href":"https:\/\/blog.polityka.pl\/chetkowski\/wp-json\/wp\/v2\/posts\/1947\/revisions"}],"predecessor-version":[{"id":1950,"href":"https:\/\/blog.polityka.pl\/chetkowski\/wp-json\/wp\/v2\/posts\/1947\/revisions\/1950"}],"wp:attachment":[{"href":"https:\/\/blog.polityka.pl\/chetkowski\/wp-json\/wp\/v2\/media?parent=1947"}],"wp:term":[{"taxonomy":"category","embeddable":true,"href":"https:\/\/blog.polityka.pl\/chetkowski\/wp-json\/wp\/v2\/categories?post=1947"},{"taxonomy":"post_tag","embeddable":true,"href":"https:\/\/blog.polityka.pl\/chetkowski\/wp-json\/wp\/v2\/tags?post=1947"}],"curies":[{"name":"wp","href":"https:\/\/api.w.org\/{rel}","templated":true}]}}