
{"id":1976,"date":"2011-08-31T08:08:27","date_gmt":"2011-08-31T06:08:27","guid":{"rendered":"http:\/\/chetkowski.blog.polityka.pl\/?p=1976"},"modified":"2011-08-31T08:24:03","modified_gmt":"2011-08-31T06:24:03","slug":"rewolucja-w-terminach-matur","status":"publish","type":"post","link":"https:\/\/blog.polityka.pl\/chetkowski\/2011\/08\/31\/rewolucja-w-terminach-matur\/","title":{"rendered":"Rewolucja w terminach matur"},"content":{"rendered":"<p>Dyrektor CKE og\u0142osi\u0142 terminy egzamin\u00f3w w 2012 roku. Po raz pierwszy w historii matur pisemnych j\u0119zyk polski na poziomie podstawowym b\u0119dzie zdawany jednego dnia (pi\u0105tek, 4 maja), a rozszerzonym innego (poniedzia\u0142ek, 7 maja). Tak samo rozdzielona zosta\u0142a matematyka. Egzamin na poziomie podstawowym b\u0119dzie we wtorek, a rozszerzonym w \u015brod\u0119. Ta rewolucyjna zmiana nie dotyczy pozosta\u0142ych przedmiot\u00f3w. Egzamin maturalny z j\u0119zyka angielskiego\u00a0&#8211; podstawa i rozszerzenie\u00a0&#8211; odb\u0119dzie si\u0119 zatem jednego dnia (<a href=\"http:\/\/www.cke.edu.pl\/images\/stories\/0000000_Matura_2012\/harmonogram_egzam_25_08_11.pdf\" target=\"_blank\">zobacz harmonogram egzamin\u00f3w<\/a>).<\/p>\n<p>Od pocz\u0105tku wprowadzenia nowej matury uczniowie prosili o tak\u0105 zmian\u0119. M\u00f3wili, \u017ce zdawanie w tym samym dniu dw\u00f3ch poziom\u00f3w to du\u017ce obci\u0105\u017cenie dla psychiki. Mo\u017cna mie\u0107 wiedz\u0119 i umiej\u0119tno\u015bci, ale dwa egzaminy w jednym dniu to zbyt wielki wysi\u0142ek. Wcze\u015bniej CKE odpowiada\u0142a, \u017ce rozdzielenie poziom\u00f3w na r\u00f3\u017cne dni wprowadzi\u0142oby chaos w pracy szk\u00f3\u0142. Egzaminy pisemne trwa\u0142yby zbyt d\u0142ugo. Teraz okaza\u0142o si\u0119, \u017ce jednak mo\u017cna. Maturzy\u015bci Anno Domini 2012 b\u0119d\u0105 mie\u0107 lepiej. A jak sobie poradz\u0105 z now\u0105 organizacj\u0105 matur szko\u0142y?<\/p>\n<p>Stara matura pisemna trwa\u0142a dwa dni (przedmioty obowi\u0105zkowe). Klasy m\u0142odsze mia\u0142y w tych dniach wolne. Podobn\u0105 zasad\u0119 wprowadzono podczas nowej matury. Na obowi\u0105zkowych egzaminach pisemnych w szkole s\u0105 tylko maturzy\u015bci i cz\u0142onkowie komisji. M\u0142odsi uczniowie maj\u0105 wolne. Gdy wprowadzono obowi\u0105zkow\u0105 matematyk\u0119, zrobi\u0142y si\u0119 trzy dni wolnego. Teraz matura pisemna b\u0119dzie trwa\u0107 r\u00f3wno pi\u0119\u0107 dni (dwa dni j\u0119zyk polski, dwa dni matematyka i jeden dzie\u0144 j\u0119zyk angielski). Czy uczniowie klas pierwszych i drugich b\u0119d\u0105 mie\u0107 w tych dniach wolne? Pami\u0119tajmy, \u017ce matura rozpoczyna si\u0119 po d\u0142ugim majowym weekendzie. M\u0142odsze klasy mia\u0142yby wi\u0119c dodatkowe dwa tygodnie wolnego. Wszystko pi\u0119knie, tylko zabraknie czasu na realizacj\u0119 programu.<\/p>\n","protected":false},"excerpt":{"rendered":"<p>Dyrektor CKE og\u0142osi\u0142 terminy egzamin\u00f3w w 2012 roku. Po raz pierwszy w historii matur pisemnych j\u0119zyk polski na poziomie podstawowym b\u0119dzie zdawany jednego dnia (pi\u0105tek, 4 maja), a rozszerzonym innego (poniedzia\u0142ek, 7 maja). Tak samo rozdzielona zosta\u0142a matematyka. Egzamin na poziomie podstawowym b\u0119dzie we wtorek, a rozszerzonym w \u015brod\u0119. Ta rewolucyjna zmiana nie dotyczy pozosta\u0142ych [&hellip;]<\/p>\n","protected":false},"author":1,"featured_media":0,"comment_status":"open","ping_status":"open","sticky":false,"template":"","format":"standard","meta":{"footnotes":""},"categories":[1],"tags":[],"_links":{"self":[{"href":"https:\/\/blog.polityka.pl\/chetkowski\/wp-json\/wp\/v2\/posts\/1976"}],"collection":[{"href":"https:\/\/blog.polityka.pl\/chetkowski\/wp-json\/wp\/v2\/posts"}],"about":[{"href":"https:\/\/blog.polityka.pl\/chetkowski\/wp-json\/wp\/v2\/types\/post"}],"author":[{"embeddable":true,"href":"https:\/\/blog.polityka.pl\/chetkowski\/wp-json\/wp\/v2\/users\/1"}],"replies":[{"embeddable":true,"href":"https:\/\/blog.polityka.pl\/chetkowski\/wp-json\/wp\/v2\/comments?post=1976"}],"version-history":[{"count":5,"href":"https:\/\/blog.polityka.pl\/chetkowski\/wp-json\/wp\/v2\/posts\/1976\/revisions"}],"predecessor-version":[{"id":1981,"href":"https:\/\/blog.polityka.pl\/chetkowski\/wp-json\/wp\/v2\/posts\/1976\/revisions\/1981"}],"wp:attachment":[{"href":"https:\/\/blog.polityka.pl\/chetkowski\/wp-json\/wp\/v2\/media?parent=1976"}],"wp:term":[{"taxonomy":"category","embeddable":true,"href":"https:\/\/blog.polityka.pl\/chetkowski\/wp-json\/wp\/v2\/categories?post=1976"},{"taxonomy":"post_tag","embeddable":true,"href":"https:\/\/blog.polityka.pl\/chetkowski\/wp-json\/wp\/v2\/tags?post=1976"}],"curies":[{"name":"wp","href":"https:\/\/api.w.org\/{rel}","templated":true}]}}