
{"id":199,"date":"2007-05-29T07:00:21","date_gmt":"2007-05-29T05:00:21","guid":{"rendered":"http:\/\/chetkowski.blog.polityka.pl\/?p=199"},"modified":"2007-05-29T07:42:49","modified_gmt":"2007-05-29T05:42:49","slug":"nowe-formy-strajku","status":"publish","type":"post","link":"https:\/\/blog.polityka.pl\/chetkowski\/2007\/05\/29\/nowe-formy-strajku\/","title":{"rendered":"Nowe formy strajku"},"content":{"rendered":"<p>Jestem przeciwnikiem strajku tradycyjnego. Flagi, transparenty, przerywanie pracy, marsz na Belweder &#8211; to wszystko wydaje mi si\u0119 takie przestarza\u0142e, nieatrakcyjne, niemodne, pozbawione si\u0142y. Dlaczego we wszystkim jest post\u0119p, a w prote\u015bcie pracownik\u00f3w musi by\u0107 ca\u0142kowity zast\u00f3j, to samo od lat? Chodzi mi po g\u0142owie co\u015b nowoczesnego, zaskakuj\u0105cego, pora\u017caj\u0105cego.<\/p>\n<p>Wyobra\u017amy sobie strajk telefoniczny. Mo\u017ce by tak wszyscy nauczyciele zacz\u0119li dzwoni\u0107 do ministra edukacji. Niech zostanie zorganizowany strajk, kt\u00f3ry polega na tym, \u017ce ka\u017cdy nauczyciel zamienia si\u0119 w agresywnego, nieprzyzwoitego rozm\u00f3wc\u0119 telefonicznego i dr\u0119czy wszystkie edukacyjne urz\u0119dy, pocz\u0105wszy od MEN, a sko\u0144czywszy na miejscowym kuratorium. Jestem za strajkiem telefonicznym. Mog\u0119 codziennie w ramach strajku dzwoni\u0107 dziesi\u0119\u0107 razy do wybranych urz\u0119d\u00f3w. Zacznijmy od stu tysi\u0119cy telefon\u00f3w do Giertycha i tak codziennie a\u017c do skutku. Mo\u017ce ZNP wykupi w Telekomunikacji rycza\u0142t na milion po\u0142\u0105cze\u0144. Wyjdzie du\u017co taniej.<\/p>\n<p>Uwa\u017cam, \u017ce mo\u017cna by wymy\u015bli\u0107 tyle form strajku, ile jest dni w roku. Ka\u017cdego dnia og\u0142aszano by now\u0105 formu\u0142\u0119 strajku, co wywo\u0142a\u0142oby taki chaos w szkolnictwie, \u017ce w\u0142adza musia\u0142aby spe\u0142ni\u0107 nasze postulaty. Og\u0142o\u015bmy na dobry pocz\u0105tek dziesi\u0119\u0107 dni strajku i zapowiedzmy, \u017ce ka\u017cdy dzie\u0144 b\u0119dzie inny. Wymy\u015blmy co\u015b na miar\u0119 dziesi\u0119ciu plag egipskich.<\/p>\n<p>Pierwszego dnia prowad\u017amy lekcje, nie odzywaj\u0105c si\u0119 do uczni\u00f3w ani s\u0142owem. Drugiego dnia gadajmy non stop sami do siebie. Trzeciego dnia prowad\u017amy lekcje, bez przerwy \u015bpiewaj\u0105c pie\u015bni patriotyczne i religijne. Czwartego dnia og\u0142aszajmy \u017ce najwa\u017cniejsza jest rodzina i pokazujmy uczniom zdj\u0119cia naszych rodzin. Pi\u0105tego dnia niech wszyscy nauczyciele zam\u00f3wi\u0105 groch z kapust\u0105 dla ministra edukacji (na jego koszt oczywi\u015bcie). Sz\u00f3stego dnia niech minister zam\u00f3wi pizz\u0119 dla wszystkich nauczycieli (na sw\u00f3j koszt oczywi\u015bcie). W rol\u0119 Giertycha zamawiaj\u0105cego pizze m\u00f3g\u0142by wcieli\u0107 si\u0119 Bogus\u0142aw Linda albo Krystyna Janda. Si\u00f3dmego dnia zorganizujmy nauk\u0119 tego, co minister m\u00f3wi i jak m\u00f3wi. \u00d3smego dnia szukajmy ze \u015bwiec\u0105 homoseksualist\u00f3w. Szukanie ze \u015bwiec\u0105 nale\u017cy rozumie\u0107 dos\u0142ownie. Dziewi\u0105tego dnia strajku t\u0142umaczmy wszystkie tematy przy pomocy kija i marchewki (te\u017c najlepiej dos\u0142ownie). Niech ka\u017cda szko\u0142a zam\u00f3wi dwa tiry marchewek, po skrzynce na ucznia. Kij mo\u017ce by\u0107 symboliczny. Dziesi\u0105tego dnia oficjalnie zg\u0142o\u015bmy do programu &#8222;Zero tolerancji&#8221; wszystkich urz\u0119dnik\u00f3w odpowiedzialnych za edukacj\u0119 &#8211; niech ich wezm\u0105 do specjalnych o\u015brodk\u00f3w wychowawczych. Wymy\u015blmy co\u015b, bo tradycyjny strajk to za ma\u0142o.<\/p>\n","protected":false},"excerpt":{"rendered":"<p>Jestem przeciwnikiem strajku tradycyjnego. Flagi, transparenty, przerywanie pracy, marsz na Belweder &#8211; to wszystko wydaje mi si\u0119 takie przestarza\u0142e, nieatrakcyjne, niemodne, pozbawione si\u0142y. Dlaczego we wszystkim jest post\u0119p, a w prote\u015bcie pracownik\u00f3w musi by\u0107 ca\u0142kowity zast\u00f3j, to samo od lat? Chodzi mi po g\u0142owie co\u015b nowoczesnego, zaskakuj\u0105cego, pora\u017caj\u0105cego. Wyobra\u017amy sobie strajk telefoniczny. Mo\u017ce by tak [&hellip;]<\/p>\n","protected":false},"author":1,"featured_media":0,"comment_status":"open","ping_status":"open","sticky":false,"template":"","format":"standard","meta":{"footnotes":""},"categories":[1],"tags":[],"_links":{"self":[{"href":"https:\/\/blog.polityka.pl\/chetkowski\/wp-json\/wp\/v2\/posts\/199"}],"collection":[{"href":"https:\/\/blog.polityka.pl\/chetkowski\/wp-json\/wp\/v2\/posts"}],"about":[{"href":"https:\/\/blog.polityka.pl\/chetkowski\/wp-json\/wp\/v2\/types\/post"}],"author":[{"embeddable":true,"href":"https:\/\/blog.polityka.pl\/chetkowski\/wp-json\/wp\/v2\/users\/1"}],"replies":[{"embeddable":true,"href":"https:\/\/blog.polityka.pl\/chetkowski\/wp-json\/wp\/v2\/comments?post=199"}],"version-history":[{"count":0,"href":"https:\/\/blog.polityka.pl\/chetkowski\/wp-json\/wp\/v2\/posts\/199\/revisions"}],"wp:attachment":[{"href":"https:\/\/blog.polityka.pl\/chetkowski\/wp-json\/wp\/v2\/media?parent=199"}],"wp:term":[{"taxonomy":"category","embeddable":true,"href":"https:\/\/blog.polityka.pl\/chetkowski\/wp-json\/wp\/v2\/categories?post=199"},{"taxonomy":"post_tag","embeddable":true,"href":"https:\/\/blog.polityka.pl\/chetkowski\/wp-json\/wp\/v2\/tags?post=199"}],"curies":[{"name":"wp","href":"https:\/\/api.w.org\/{rel}","templated":true}]}}