
{"id":200,"date":"2007-05-30T07:54:11","date_gmt":"2007-05-30T05:54:11","guid":{"rendered":"http:\/\/chetkowski.blog.polityka.pl\/?p=200"},"modified":"2007-05-30T07:54:11","modified_gmt":"2007-05-30T05:54:11","slug":"myslec-czy-nie-myslec","status":"publish","type":"post","link":"https:\/\/blog.polityka.pl\/chetkowski\/2007\/05\/30\/myslec-czy-nie-myslec\/","title":{"rendered":"My\u015ble\u0107 czy nie my\u015ble\u0107?"},"content":{"rendered":"<p>Podczas wczorajszego strajku mia\u0142em troch\u0119 wolnego czasu, wi\u0119c poczyta\u0142em &#8222;My\u015bli&#8221; Pascala. Ostatnio \u017cy\u0142em jak ma\u0142pa, niewiele czytaj\u0105c, wi\u0119c teraz wykorzysta\u0142em strajk na wzmocnienie w sobie cz\u0142owiecze\u0144stwa. W\u0142a\u015bciwie to wystarczy\u0142a mi jedna my\u015bl francuskiego filozofa, aby zrozumie\u0107, dlaczego strajkujemy. Pascal pisze: &#8222;Niekt\u00f3rzy ludzie maj\u0105 niezwyk\u0142\u0105 zdolno\u015b\u0107 niemy\u015blenia o tym, o czym nie chc\u0105 my\u015ble\u0107&#8221;. Podejrzewam, \u017ce w\u0142a\u015bnie w polskim rz\u0105dzie tak w\u0142a\u015bnie rozwi\u0105zuje si\u0119 problemy zwi\u0105zane z polsk\u0105 edukacj\u0105. Na przyk\u0142ad jaki\u015b urz\u0119dnik przynosi wiadomo\u015b\u0107, \u017ce w klasach jest za du\u017co uczni\u00f3w. Wtedy Roman Giertych m\u00f3wi: &#8222;Nie my\u015blmy o tym, \u017ce w klasach jest za du\u017co uczni\u00f3w&#8221;. I sprawa jest ju\u017c za\u0142atwiona. Potem jaki\u015b urz\u0119dnik informuje premiera, \u017ce nauczyciele chc\u0105 mie\u0107 prawo do wcze\u015bniejszych emerytur. A zatem jest problem. Ale Jaros\u0142aw Kaczy\u0144ski m\u00f3wi: &#8222;Nie my\u015blmy o wcze\u015bniejszych emeryturach dla nauczycieli&#8221;. Super rada! Problem znika. Nagle pracownicy o\u015bwiaty \u017c\u0105daj\u0105 podwy\u017cek wynagrodze\u0144, ale ca\u0142a koalicja m\u00f3wi: &#8222;Nie my\u015blmy o podwy\u017ckach ani dla nauczycieli, ani dla lekarzy. Nie my\u015blmy o tym w og\u00f3le.&#8221; I znowu okazuje si\u0119, \u017ce to dzia\u0142a. Problemu nie ma. Skoro to takie proste, to w ca\u0142ym rz\u0105dzie, we wszystkich resortach i urz\u0119dach ludzie przestaj\u0105 my\u015ble\u0107. Nie my\u015bli ani prezydent, ani premier, ani jego ministrowie. \u015awietna metoda na rz\u0105dzenie krajem &#8211; nie my\u015ble\u0107! To dzia\u0142a. Nie my\u015blcie, panie prezydencie, panie premierze, panowie ministrowie! Nie my\u015blcie, a zmusicie, aby nie tylko nauczyciele, lekarze, piel\u0119gniarki, kolejarze, g\u00f3rnicy itd. strajkowali. Nied\u0142ugo zastrajkuj\u0105 wszyscy, kt\u00f3rzy jeszcze w tym kraju potrafi\u0105 my\u015ble\u0107.<\/p>\n","protected":false},"excerpt":{"rendered":"<p>Podczas wczorajszego strajku mia\u0142em troch\u0119 wolnego czasu, wi\u0119c poczyta\u0142em &#8222;My\u015bli&#8221; Pascala. Ostatnio \u017cy\u0142em jak ma\u0142pa, niewiele czytaj\u0105c, wi\u0119c teraz wykorzysta\u0142em strajk na wzmocnienie w sobie cz\u0142owiecze\u0144stwa. W\u0142a\u015bciwie to wystarczy\u0142a mi jedna my\u015bl francuskiego filozofa, aby zrozumie\u0107, dlaczego strajkujemy. Pascal pisze: &#8222;Niekt\u00f3rzy ludzie maj\u0105 niezwyk\u0142\u0105 zdolno\u015b\u0107 niemy\u015blenia o tym, o czym nie chc\u0105 my\u015ble\u0107&#8221;. Podejrzewam, \u017ce [&hellip;]<\/p>\n","protected":false},"author":1,"featured_media":0,"comment_status":"open","ping_status":"open","sticky":false,"template":"","format":"standard","meta":{"footnotes":""},"categories":[1],"tags":[],"_links":{"self":[{"href":"https:\/\/blog.polityka.pl\/chetkowski\/wp-json\/wp\/v2\/posts\/200"}],"collection":[{"href":"https:\/\/blog.polityka.pl\/chetkowski\/wp-json\/wp\/v2\/posts"}],"about":[{"href":"https:\/\/blog.polityka.pl\/chetkowski\/wp-json\/wp\/v2\/types\/post"}],"author":[{"embeddable":true,"href":"https:\/\/blog.polityka.pl\/chetkowski\/wp-json\/wp\/v2\/users\/1"}],"replies":[{"embeddable":true,"href":"https:\/\/blog.polityka.pl\/chetkowski\/wp-json\/wp\/v2\/comments?post=200"}],"version-history":[{"count":0,"href":"https:\/\/blog.polityka.pl\/chetkowski\/wp-json\/wp\/v2\/posts\/200\/revisions"}],"wp:attachment":[{"href":"https:\/\/blog.polityka.pl\/chetkowski\/wp-json\/wp\/v2\/media?parent=200"}],"wp:term":[{"taxonomy":"category","embeddable":true,"href":"https:\/\/blog.polityka.pl\/chetkowski\/wp-json\/wp\/v2\/categories?post=200"},{"taxonomy":"post_tag","embeddable":true,"href":"https:\/\/blog.polityka.pl\/chetkowski\/wp-json\/wp\/v2\/tags?post=200"}],"curies":[{"name":"wp","href":"https:\/\/api.w.org\/{rel}","templated":true}]}}