
{"id":231,"date":"2007-07-23T12:27:21","date_gmt":"2007-07-23T10:27:21","guid":{"rendered":"http:\/\/chetkowski.blog.polityka.pl\/?p=231"},"modified":"2007-07-23T12:27:21","modified_gmt":"2007-07-23T10:27:21","slug":"szanuj-giertycha","status":"publish","type":"post","link":"https:\/\/blog.polityka.pl\/chetkowski\/2007\/07\/23\/szanuj-giertycha\/","title":{"rendered":"Szanuj Giertycha"},"content":{"rendered":"<p>Roman Giertych postraszy\u0142, \u017ce mo\u017ce odej\u015b\u0107 z MEN. Podobno nawet zabra\u0142 ju\u017c swoje rzeczy z gabinetu. Teraz wszystko w r\u0119kach premiera Kaczy\u0144skiego, kt\u00f3ry mo\u017ce spe\u0142ni\u0107 warunki koalicjanta b\u0105d\u017a te\u017c nie. Wprawdzie nale\u017c\u0119 do tej licznej grupy os\u00f3b zwi\u0105zanych z edukacj\u0105, kt\u00f3rzy o tym w\u0142a\u015bnie marzyli, aby Giertych odszed\u0142, ale teraz zadr\u017ca\u0142o mi serce. Jest takie powiedzenie: szanuj szefa swego, bo mo\u017cesz mie\u0107 gorszego. A co, je\u015bli na miejsce obecnego ministra przyjdzie kto\u015b gorszy? Gdy Roman Giertych zosta\u0142 ministrem, nauczyciele m\u00f3wili, \u017ce gorzej to ju\u017c edukacja nie mog\u0142a trafi\u0107. Tak jednak mog\u0105 m\u00f3wi\u0107 tylko ci, kt\u00f3rzy nie znaj\u0105 zasob\u00f3w ludzkich LPR, Samoobrony czy te\u017c PiS. Ludzi gorszych od Giertycha jest tam pod dostatkiem, dlatego w\u0142a\u015bnie zadr\u017ca\u0142o mi serce, gdy us\u0142ysza\u0142em zapowied\u017a ministra, \u017ce mo\u017ce poda\u0107 si\u0119 do dymisji. Wi\u0119c ja jestem za tym, aby Giertych do czasu zosta\u0142, a gdy ju\u017c b\u0119dzie odchodzi\u0107, to tylko z ca\u0142\u0105 obecn\u0105 ekip\u0105 rz\u0105dz\u0105c\u0105. Jak to si\u0119 m\u00f3wi, trzeba wybra\u0107 czasem mniejsze z\u0142o. Dla mnie mniejszym z\u0142em na stanowisku ministra edukacji jest w\u0142a\u015bnie Roman Giertych, bo jak pomy\u015bl\u0119 o \u015bwicie Leppera b\u0105d\u017a pupilkach braci Kaczy\u0144skich, to a\u017c mnie&#8230; Przepraszam, Panie Ministrze, niech Pan si\u0119 nie spieszy z tym odchodzeniem. Niech Pan poczeka, a\u017c miot\u0142a historii zacznie wymiata\u0107 Was wszystkich. W grupie b\u0119dzie ra\u017aniej.<\/p>\n","protected":false},"excerpt":{"rendered":"<p>Roman Giertych postraszy\u0142, \u017ce mo\u017ce odej\u015b\u0107 z MEN. Podobno nawet zabra\u0142 ju\u017c swoje rzeczy z gabinetu. Teraz wszystko w r\u0119kach premiera Kaczy\u0144skiego, kt\u00f3ry mo\u017ce spe\u0142ni\u0107 warunki koalicjanta b\u0105d\u017a te\u017c nie. Wprawdzie nale\u017c\u0119 do tej licznej grupy os\u00f3b zwi\u0105zanych z edukacj\u0105, kt\u00f3rzy o tym w\u0142a\u015bnie marzyli, aby Giertych odszed\u0142, ale teraz zadr\u017ca\u0142o mi serce. Jest takie [&hellip;]<\/p>\n","protected":false},"author":1,"featured_media":0,"comment_status":"open","ping_status":"open","sticky":false,"template":"","format":"standard","meta":{"footnotes":""},"categories":[1],"tags":[],"_links":{"self":[{"href":"https:\/\/blog.polityka.pl\/chetkowski\/wp-json\/wp\/v2\/posts\/231"}],"collection":[{"href":"https:\/\/blog.polityka.pl\/chetkowski\/wp-json\/wp\/v2\/posts"}],"about":[{"href":"https:\/\/blog.polityka.pl\/chetkowski\/wp-json\/wp\/v2\/types\/post"}],"author":[{"embeddable":true,"href":"https:\/\/blog.polityka.pl\/chetkowski\/wp-json\/wp\/v2\/users\/1"}],"replies":[{"embeddable":true,"href":"https:\/\/blog.polityka.pl\/chetkowski\/wp-json\/wp\/v2\/comments?post=231"}],"version-history":[{"count":0,"href":"https:\/\/blog.polityka.pl\/chetkowski\/wp-json\/wp\/v2\/posts\/231\/revisions"}],"wp:attachment":[{"href":"https:\/\/blog.polityka.pl\/chetkowski\/wp-json\/wp\/v2\/media?parent=231"}],"wp:term":[{"taxonomy":"category","embeddable":true,"href":"https:\/\/blog.polityka.pl\/chetkowski\/wp-json\/wp\/v2\/categories?post=231"},{"taxonomy":"post_tag","embeddable":true,"href":"https:\/\/blog.polityka.pl\/chetkowski\/wp-json\/wp\/v2\/tags?post=231"}],"curies":[{"name":"wp","href":"https:\/\/api.w.org\/{rel}","templated":true}]}}