
{"id":263,"date":"2007-09-16T22:00:31","date_gmt":"2007-09-16T20:00:31","guid":{"rendered":"http:\/\/chetkowski.blog.polityka.pl\/?p=263"},"modified":"2007-09-21T14:34:45","modified_gmt":"2007-09-21T12:34:45","slug":"wagary","status":"publish","type":"post","link":"https:\/\/blog.polityka.pl\/chetkowski\/2007\/09\/16\/wagary\/","title":{"rendered":"Wagary"},"content":{"rendered":"<p>Tytu\u0142 wyk\u0142adu \u015aliwerskiego zwala z n\u00f3g: &#8222;Szko\u0142a jako czynnik wykluczenia spo\u0142ecznego&#8221;. Profesor wyg\u0142osi\u0142 przem\u00f3wienie na konferencji po\u015bwi\u0119conej wagarom (sala obrad Rady Miasta \u0141odzi). Nie mog\u0119 si\u0119 doczeka\u0107 wie\u015bci o szczeg\u00f3\u0142ach wyk\u0142adu i ca\u0142ej konferencji. Dowiedzia\u0142em si\u0119 o imprezie po czasie, tzn. w chwili, gdy s\u0105czy\u0142em sobotni soczek z dodatkiem wzmacniaj\u0105cym organizm. I w\u0142a\u015bnie wtedy trwa\u0142a w najlepsze ta wyj\u0105tkowo wa\u017cna impreza edukacyjna. Jestem w\u015bciek\u0142y, \u017ce pozwoli\u0142em sobie na takie niedoinformowanie. Nast\u0119pnym razem b\u0119d\u0119 przezorniejszy.<\/p>\n<p><!--more-->\u00a0<\/p>\n<p>Zamiast czeka\u0107, a\u017c og\u0142oszenie samo wpadnie mi w r\u0119ce, b\u0119d\u0119 sprawdza\u0142, co dzieje si\u0119 w mie\u015bcie. Troch\u0119 mnie dziwi fakt, \u017ce nie tr\u0105biono o konferencji w szko\u0142ach, a przecie\u017c tego typu impreza powinna by\u0107 obowi\u0105zkowa dla nauczycieli. W ko\u0144cu wagary to problem powszechny, z kt\u00f3rym wi\u0119kszo\u015b\u0107 szk\u00f3\u0142 sobie nie radzi. Licz\u0119 na to, \u017ce prof. \u015aliwerski opublikuje tekst wyk\u0142adu na swoim <a href=\"http:\/\/sliwerski-pedagog.blogspot.com\/\" target=\"_blank\">blogu<\/a>.<\/p>\n<p>Zanim do tego dojdzie, poczytam, co o wagarach napisa\u0142 John Cage w swoim dzienniku w roku 1969 (m\u00f3j ulubiony rok):<br \/>\n&#8222;Prosz\u0119 pomy\u015ble\u0107 o ludziach poza spo\u0142eczno\u015bci\u0105. Co nas z nimi \u0142\u0105czy? Nauczyciel poszed\u0142 na wagary. Przes\u0142a\u0142 wiadomo\u015b\u0107: Dokszta\u0142cam si\u0119. \u015awietnie si\u0119 bawi\u0119. Do zobaczenia w przysz\u0142ym tygodniu. Niemo\u017cliwe sta\u0142o si\u0119 mo\u017cliwe.&#8221;<\/p>\n<p>Por\u00f3wnuj\u0119 tytu\u0142 wyk\u0142adu \u015aliwerskiego ze s\u0142owami Cage&#8217;a: &#8222;Szko\u0142a jako czynnik wykluczenia spo\u0142ecznego&#8221; i &#8222;Prosz\u0119 pomy\u015ble\u0107 o ludziach poza spo\u0142eczno\u015bci\u0105&#8221;. Czy w obydwu wypadkach chodzi o nauczycieli? Czy praca w szkole wyklucza ze spo\u0142ecze\u0144stwa? Czy szko\u0142a wyklucza?<\/p>\n<p>\u00a0<\/p>\n","protected":false},"excerpt":{"rendered":"<p>Tytu\u0142 wyk\u0142adu \u015aliwerskiego zwala z n\u00f3g: &#8222;Szko\u0142a jako czynnik wykluczenia spo\u0142ecznego&#8221;. Profesor wyg\u0142osi\u0142 przem\u00f3wienie na konferencji po\u015bwi\u0119conej wagarom (sala obrad Rady Miasta \u0141odzi). Nie mog\u0119 si\u0119 doczeka\u0107 wie\u015bci o szczeg\u00f3\u0142ach wyk\u0142adu i ca\u0142ej konferencji. Dowiedzia\u0142em si\u0119 o imprezie po czasie, tzn. w chwili, gdy s\u0105czy\u0142em sobotni soczek z dodatkiem wzmacniaj\u0105cym organizm. I w\u0142a\u015bnie wtedy trwa\u0142a [&hellip;]<\/p>\n","protected":false},"author":1,"featured_media":0,"comment_status":"open","ping_status":"open","sticky":false,"template":"","format":"standard","meta":{"footnotes":""},"categories":[1],"tags":[],"_links":{"self":[{"href":"https:\/\/blog.polityka.pl\/chetkowski\/wp-json\/wp\/v2\/posts\/263"}],"collection":[{"href":"https:\/\/blog.polityka.pl\/chetkowski\/wp-json\/wp\/v2\/posts"}],"about":[{"href":"https:\/\/blog.polityka.pl\/chetkowski\/wp-json\/wp\/v2\/types\/post"}],"author":[{"embeddable":true,"href":"https:\/\/blog.polityka.pl\/chetkowski\/wp-json\/wp\/v2\/users\/1"}],"replies":[{"embeddable":true,"href":"https:\/\/blog.polityka.pl\/chetkowski\/wp-json\/wp\/v2\/comments?post=263"}],"version-history":[{"count":0,"href":"https:\/\/blog.polityka.pl\/chetkowski\/wp-json\/wp\/v2\/posts\/263\/revisions"}],"wp:attachment":[{"href":"https:\/\/blog.polityka.pl\/chetkowski\/wp-json\/wp\/v2\/media?parent=263"}],"wp:term":[{"taxonomy":"category","embeddable":true,"href":"https:\/\/blog.polityka.pl\/chetkowski\/wp-json\/wp\/v2\/categories?post=263"},{"taxonomy":"post_tag","embeddable":true,"href":"https:\/\/blog.polityka.pl\/chetkowski\/wp-json\/wp\/v2\/tags?post=263"}],"curies":[{"name":"wp","href":"https:\/\/api.w.org\/{rel}","templated":true}]}}