
{"id":264,"date":"2007-09-17T21:24:17","date_gmt":"2007-09-17T19:24:17","guid":{"rendered":"http:\/\/chetkowski.blog.polityka.pl\/?p=264"},"modified":"2007-09-21T14:35:05","modified_gmt":"2007-09-21T12:35:05","slug":"integracja","status":"publish","type":"post","link":"https:\/\/blog.polityka.pl\/chetkowski\/2007\/09\/17\/integracja\/","title":{"rendered":"Integracja"},"content":{"rendered":"<p>Wszystkie pierwsze klasy wyjecha\u0142y na wycieczk\u0119, aby si\u0119 integrowa\u0107. Nie wiem, co si\u0119 b\u0119dzie dzia\u0142o podczas tegorocznej integracji, ale pami\u0119tam, \u017ce w poprzednich latach bywa\u0142o pi\u0119knie. Uczniowie wracali odmienieni. Mo\u017cna powiedzie\u0107, \u017ce dopiero po wycieczce wszyscy czuli, i\u017c zacz\u0119li chodzi\u0107 do liceum. Wcze\u015bniej to by\u0142a zaledwie n\u0119dzna namiastka. Musz\u0119 si\u0119 liczy\u0107 z tym, \u017ce niekt\u00f3rych pierwszak\u00f3w nie poznam po powrocie z prawie tygodniowego wyjazdu. Tak im si\u0119 zmieni nastawienie do \u017cycia i zachowanie.<\/p>\n<p><!--more--><\/p>\n<p>Bez pierwszych klas w szkole jest lu\u017ano. Poniewa\u017c ciasnota i \u015bcisk wr\u0119cz wytr\u0105caj\u0105 mnie z r\u00f3wnowagi, teraz czuj\u0119 si\u0119 wyj\u0105tkowo dobrze. Musz\u0119 cierpie\u0107 na l\u0119k przed przebywaniem w pomieszczeniach, gdzie jest za du\u017co ludzi. Bez prawie 200 os\u00f3b w szkole (jedna trzecia stanu) nie boli mnie g\u0142owa, r\u0119ce mi si\u0119 nie trz\u0119s\u0105, mam dobry humor i chce mi si\u0119 \u017cy\u0107. Je\u015bli mia\u0142bym pracowa\u0107 w szkole do 65 roku \u017cycia, to tylko pod warunkiem, \u017ce w klasach b\u0119dzie o jedn\u0105 trzeci\u0105 mniej uczni\u00f3w. Poniewa\u017c liczba uczni\u00f3w si\u0119 nie zmniejsza, pozostaje mi czeka\u0107 na te s\u0142odkie chwile, kiedy cz\u0119\u015b\u0107 m\u0142odzie\u017cy wyjedzie na wycieczk\u0119. Wtedy zamiast jednego metra kwadratowego\u00a0 przestrzeni przypadaj\u0105 na mnie\u00a0 dwa i mog\u0119 pooddycha\u0107 spokojniej. Uff, uczulenie na t\u0142um nie daje o sobie zna\u0107.<\/p>\n","protected":false},"excerpt":{"rendered":"<p>Wszystkie pierwsze klasy wyjecha\u0142y na wycieczk\u0119, aby si\u0119 integrowa\u0107. Nie wiem, co si\u0119 b\u0119dzie dzia\u0142o podczas tegorocznej integracji, ale pami\u0119tam, \u017ce w poprzednich latach bywa\u0142o pi\u0119knie. Uczniowie wracali odmienieni. Mo\u017cna powiedzie\u0107, \u017ce dopiero po wycieczce wszyscy czuli, i\u017c zacz\u0119li chodzi\u0107 do liceum. Wcze\u015bniej to by\u0142a zaledwie n\u0119dzna namiastka. Musz\u0119 si\u0119 liczy\u0107 z tym, \u017ce niekt\u00f3rych [&hellip;]<\/p>\n","protected":false},"author":1,"featured_media":0,"comment_status":"open","ping_status":"open","sticky":false,"template":"","format":"standard","meta":{"footnotes":""},"categories":[1],"tags":[],"_links":{"self":[{"href":"https:\/\/blog.polityka.pl\/chetkowski\/wp-json\/wp\/v2\/posts\/264"}],"collection":[{"href":"https:\/\/blog.polityka.pl\/chetkowski\/wp-json\/wp\/v2\/posts"}],"about":[{"href":"https:\/\/blog.polityka.pl\/chetkowski\/wp-json\/wp\/v2\/types\/post"}],"author":[{"embeddable":true,"href":"https:\/\/blog.polityka.pl\/chetkowski\/wp-json\/wp\/v2\/users\/1"}],"replies":[{"embeddable":true,"href":"https:\/\/blog.polityka.pl\/chetkowski\/wp-json\/wp\/v2\/comments?post=264"}],"version-history":[{"count":0,"href":"https:\/\/blog.polityka.pl\/chetkowski\/wp-json\/wp\/v2\/posts\/264\/revisions"}],"wp:attachment":[{"href":"https:\/\/blog.polityka.pl\/chetkowski\/wp-json\/wp\/v2\/media?parent=264"}],"wp:term":[{"taxonomy":"category","embeddable":true,"href":"https:\/\/blog.polityka.pl\/chetkowski\/wp-json\/wp\/v2\/categories?post=264"},{"taxonomy":"post_tag","embeddable":true,"href":"https:\/\/blog.polityka.pl\/chetkowski\/wp-json\/wp\/v2\/tags?post=264"}],"curies":[{"name":"wp","href":"https:\/\/api.w.org\/{rel}","templated":true}]}}