
{"id":268,"date":"2007-09-21T19:31:42","date_gmt":"2007-09-21T17:31:42","guid":{"rendered":"http:\/\/chetkowski.blog.polityka.pl\/?p=268"},"modified":"2007-09-25T21:30:39","modified_gmt":"2007-09-25T19:30:39","slug":"dramat-maturzystow","status":"publish","type":"post","link":"https:\/\/blog.polityka.pl\/chetkowski\/2007\/09\/21\/dramat-maturzystow\/","title":{"rendered":"Dramat maturzyst\u00f3w"},"content":{"rendered":"<p>Wiadomo\u015b\u0107, \u017ce matura pr\u00f3bna odb\u0119dzie si\u0119 dopiero w marcu 2008 r., to pocz\u0105tek dramatu maturzyst\u00f3w. Urz\u0119dnicy odpowiedzialni za edukacj\u0119 serwuj\u0105 m\u0142odzie\u017cy z\u0142e wie\u015bci w niewielkich dawkach, poniewa\u017c wiedz\u0105, \u017ce trucizn\u0119 mo\u017cna prze\u0142kn\u0105\u0107 tylko w ma\u0142ej porcji. Gdyby uczniowie od razu dowiedzieli si\u0119, jakie danie jest dla nich przygotowywane, prawdopodobnie nikt by na t\u0119 uczt\u0119 nie przyszed\u0142. Zamiast udzia\u0142u w maturach mieliby\u015bmy do czynienia z buntem, po kt\u00f3rym z budynk\u00f3w Komisji Egzaminacyjnych nie pozosta\u0142by kamie\u0144 na kamieniu. A budynki te s\u0105 coraz \u0142adniejsze. Je\u015bli kto\u015b w\u0105tpi, zapraszam na ulic\u0119 Prausa 4 w \u0141odzi.<\/p>\n<p><!--more--><\/p>\n<p>T\u0142umaczenie, dlaczego pr\u00f3bna matura powinna by\u0107 w marcu, a nie\u00a0&#8211; jak to by\u0142o do tej pory\u00a0&#8211; jesieni\u0105, to szczyt urz\u0119dniczej g\u0142upoty. Po pierwsze, jak <a href=\"http:\/\/www.gazeta.edu.pl\/portal.php?cat=18&#038;article=3\" target=\"_blank\">twierdzi szefowa OKE w \u0141odzi<\/a>, urz\u0119dnicy nie mieli czasu przygotowa\u0107 materia\u0142\u00f3w. Po drugie, dodaje, egzamin w marcu jest lepszy, gdy\u017c sprawdza ca\u0142y przerobiony materia\u0142. Rozumowanie g\u0142upie i bezczelne. Pr\u00f3ba jest przecie\u017c po to, aby mie\u0107 jeszcze czas na naprawienie b\u0142\u0119d\u00f3w i uzupe\u0142nienie brak\u00f3w. Tymczasem pr\u00f3ba wykonana tu\u017c przed matur\u0105 w\u0142a\u015bciw\u0105 ma warto\u015b\u0107 tak\u0105 sam\u0105 jak uderzenie g\u0142ow\u0105 w \u015bcian\u0119. Tylko m\u0142odzie\u017c oszo\u0142omi. Pami\u0119tajmy, \u017ce testy rozwi\u0105zane w marcu trzeba jeszcze sprawdzi\u0107, zatem wyniki b\u0119d\u0105 dopiero w kwietniu, czyli chwil\u0119 przed prawdziw\u0105 matur\u0105.<\/p>\n<p>Co do t\u0142umaczenia, \u017ce w OKE nie mieli czasu na organizowanie matury pr\u00f3bnej, to jest to jeszcze wi\u0119ksza bezczelno\u015b\u0107. Przecie\u017c chodzi tylko o przygotowanie test\u00f3w. Wydrukiem i tak zajm\u0105 si\u0119 dyrekcje szk\u00f3\u0142 i nauczyciele. Sprawdza\u0107 te\u017c nie b\u0119d\u0105 egzaminatorzy OKE, tylko nauczyciele ucz\u0105cy i to ca\u0142kowicie za darmo. Wi\u0119c o co chodzi? Mo\u017ce pracownicy Komisji Egzaminacyjnych zapomnieli, jakie obowi\u0105zki powinni by\u0107 dla nich wa\u017cniejsze? A mo\u017ce warto by wys\u0142a\u0107 par\u0119 os\u00f3b na szkolenie z umiej\u0119tno\u015bci rozpoznawania priorytet\u00f3w zawodowych. Doprawdy, ja te\u017c, jak wyprowadz\u0119 psa na spacer, spi\u0142uj\u0119 sobie paznokcie i powycinam sk\u00f3rki, to zupe\u0142nie nie mam czasu na prowadzenie lekcji. W g\u0142\u0119bi serca nawet rozumiem tych urz\u0119dnik\u00f3w. Mam tylko do nich \u017cal, \u017ce swojego g\u0142upiego t\u0142umaczenia i tej durnej decyzji nie uzgodnili wcze\u015bniej z nauczycielami. Mogliby\u015bmy wtedy i\u015b\u0107 jednym frontem. Albo my by\u015bmy ich przekonali, \u017ce si\u0119 myl\u0105 i \u017ce matura pr\u00f3bna musi by\u0107 wcze\u015bniej, albo oni powiedzieliby nam, o co tu naprawd\u0119 chodzi. Bo w wy\u017cszo\u015b\u0107 marca nad listopadem jako\u015b nie chce mi si\u0119 wierzy\u0107.<\/p>\n","protected":false},"excerpt":{"rendered":"<p>Wiadomo\u015b\u0107, \u017ce matura pr\u00f3bna odb\u0119dzie si\u0119 dopiero w marcu 2008 r., to pocz\u0105tek dramatu maturzyst\u00f3w. Urz\u0119dnicy odpowiedzialni za edukacj\u0119 serwuj\u0105 m\u0142odzie\u017cy z\u0142e wie\u015bci w niewielkich dawkach, poniewa\u017c wiedz\u0105, \u017ce trucizn\u0119 mo\u017cna prze\u0142kn\u0105\u0107 tylko w ma\u0142ej porcji. Gdyby uczniowie od razu dowiedzieli si\u0119, jakie danie jest dla nich przygotowywane, prawdopodobnie nikt by na t\u0119 uczt\u0119 nie [&hellip;]<\/p>\n","protected":false},"author":1,"featured_media":0,"comment_status":"open","ping_status":"open","sticky":false,"template":"","format":"standard","meta":{"footnotes":""},"categories":[1],"tags":[],"_links":{"self":[{"href":"https:\/\/blog.polityka.pl\/chetkowski\/wp-json\/wp\/v2\/posts\/268"}],"collection":[{"href":"https:\/\/blog.polityka.pl\/chetkowski\/wp-json\/wp\/v2\/posts"}],"about":[{"href":"https:\/\/blog.polityka.pl\/chetkowski\/wp-json\/wp\/v2\/types\/post"}],"author":[{"embeddable":true,"href":"https:\/\/blog.polityka.pl\/chetkowski\/wp-json\/wp\/v2\/users\/1"}],"replies":[{"embeddable":true,"href":"https:\/\/blog.polityka.pl\/chetkowski\/wp-json\/wp\/v2\/comments?post=268"}],"version-history":[{"count":0,"href":"https:\/\/blog.polityka.pl\/chetkowski\/wp-json\/wp\/v2\/posts\/268\/revisions"}],"wp:attachment":[{"href":"https:\/\/blog.polityka.pl\/chetkowski\/wp-json\/wp\/v2\/media?parent=268"}],"wp:term":[{"taxonomy":"category","embeddable":true,"href":"https:\/\/blog.polityka.pl\/chetkowski\/wp-json\/wp\/v2\/categories?post=268"},{"taxonomy":"post_tag","embeddable":true,"href":"https:\/\/blog.polityka.pl\/chetkowski\/wp-json\/wp\/v2\/tags?post=268"}],"curies":[{"name":"wp","href":"https:\/\/api.w.org\/{rel}","templated":true}]}}