
{"id":278,"date":"2007-10-04T07:53:35","date_gmt":"2007-10-04T05:53:35","guid":{"rendered":"http:\/\/chetkowski.blog.polityka.pl\/?p=278"},"modified":"2007-10-04T07:53:35","modified_gmt":"2007-10-04T05:53:35","slug":"kiedy-zastrajkuja-polscy-nauczyciele","status":"publish","type":"post","link":"https:\/\/blog.polityka.pl\/chetkowski\/2007\/10\/04\/kiedy-zastrajkuja-polscy-nauczyciele\/","title":{"rendered":"Kiedy zastrajkuj\u0105 polscy nauczyciele?"},"content":{"rendered":"<p>Kiedy dowiaduj\u0119 si\u0119, \u017ce w jakim\u015b kraju strajkuj\u0105 nauczyciele, to zaczynam wierzy\u0107, \u017ce nied\u0142ugo zastrajkuj\u0105 tak\u017ce nauczyciele w Polsce. Strajkowali Bu\u0142garzy, Esto\u0144czycy, nast\u0119pni pewnie b\u0119d\u0105 Polacy. Tymczasem logika ta jest bardzo z\u0142udna. Cho\u0107by bowiem strajkowali belfrowie we wszystkich krajach, nie znaczy to, \u017ce zastrajkujemy i my. Przed snuciem b\u0142\u0119dnych analogii przestrzega\u0142 Stefan Themerson w &#8222;Katedrze przyzwoito\u015bci&#8221;. Pisa\u0142 o dw\u00f3ch identycznych kawa\u0142kach lodu. Nawet je\u015bli te kawa\u0142ki s\u0105 identyczne, to przecie\u017c jeden z nich mo\u017ce p\u0142yn\u0105\u0107 w rzece Styks, a drugi w rzece Skamander. Pierwszy zatem jeszcze bardziej obro\u015bnie lodem, a drugi si\u0119 rozpu\u015bci. Zanim wi\u0119c kto\u015b zacznie wyci\u0105ga\u0107 pochopne wnioski ze strajk\u00f3w nauczycieli w Bu\u0142garii czy Estonii, najpierw powinien sprawdzi\u0107 temperatur\u0119 rzeki, w jakiej tkwi\u0105 polscy nauczyciele. Styks czy Skamander? Rzeka \u015bmierci czy rzeka \u017cycia?<\/p>\n<p>Pami\u0119tam, jak w okresie PRL media nag\u0142a\u015bnia\u0142y strajki nauczycieli w USA czy w innym zachodnim kraju. Strajk belfr\u00f3w wg propagandy komunistycznej to mia\u0142 by\u0107 dow\u00f3d, \u017ce w tych krajach jest \u017ale. Gdy strajkuj\u0105 nauczyciele, to musz\u0105 mie\u0107 naprawd\u0119 wa\u017cny pow\u00f3d. Zachowa\u0142em sobie nawet par\u0119 wycink\u00f3w z gazet jako dow\u00f3d, \u017ce USA to bieda z n\u0119dz\u0105. Gdzie ja bym si\u0119 pcha\u0142 do Ameryki, skoro tam strajkuj\u0105 nawet nauczyciele? Widocznie jestem podatny na propagand\u0119. Teraz wierz\u0119, \u017ce w Polsce jest dobrze. Dop\u00f3ki nauczyciele nie wyjd\u0105 na ulice, nic mnie nie przekona, \u017ce jest \u017ale.<\/p>\n<p>Jedni sprawdzaj\u0105 co rano kursy walut, innych interesuje gie\u0142da, a mnie interesuje tylko to, czy strajkuj\u0105 nauczyciele. Bo gdy zaczn\u0105 strajkowa\u0107 na serio, to wtedy i z\u0142ot\u00f3wka poleci w d\u00f3\u0142 na \u0142eb na szyj\u0119, i akcje wielu sp\u00f3\u0142ek gie\u0142dowych spadn\u0105. Wtedy nastanie kryzys, wi\u0119c dobrze b\u0119dzie zrobi\u0107 zapasy \u017cywno\u015bci, w\u00f3dki i papieros\u00f3w. Ale na razie jest w Polsce na tyle dobrze, \u017ce nauczyciele nie potrzebuj\u0105 strajkowa\u0107.<\/p>\n","protected":false},"excerpt":{"rendered":"<p>Kiedy dowiaduj\u0119 si\u0119, \u017ce w jakim\u015b kraju strajkuj\u0105 nauczyciele, to zaczynam wierzy\u0107, \u017ce nied\u0142ugo zastrajkuj\u0105 tak\u017ce nauczyciele w Polsce. Strajkowali Bu\u0142garzy, Esto\u0144czycy, nast\u0119pni pewnie b\u0119d\u0105 Polacy. Tymczasem logika ta jest bardzo z\u0142udna. Cho\u0107by bowiem strajkowali belfrowie we wszystkich krajach, nie znaczy to, \u017ce zastrajkujemy i my. Przed snuciem b\u0142\u0119dnych analogii przestrzega\u0142 Stefan Themerson w &#8222;Katedrze [&hellip;]<\/p>\n","protected":false},"author":1,"featured_media":0,"comment_status":"open","ping_status":"open","sticky":false,"template":"","format":"standard","meta":{"footnotes":""},"categories":[1],"tags":[],"_links":{"self":[{"href":"https:\/\/blog.polityka.pl\/chetkowski\/wp-json\/wp\/v2\/posts\/278"}],"collection":[{"href":"https:\/\/blog.polityka.pl\/chetkowski\/wp-json\/wp\/v2\/posts"}],"about":[{"href":"https:\/\/blog.polityka.pl\/chetkowski\/wp-json\/wp\/v2\/types\/post"}],"author":[{"embeddable":true,"href":"https:\/\/blog.polityka.pl\/chetkowski\/wp-json\/wp\/v2\/users\/1"}],"replies":[{"embeddable":true,"href":"https:\/\/blog.polityka.pl\/chetkowski\/wp-json\/wp\/v2\/comments?post=278"}],"version-history":[{"count":0,"href":"https:\/\/blog.polityka.pl\/chetkowski\/wp-json\/wp\/v2\/posts\/278\/revisions"}],"wp:attachment":[{"href":"https:\/\/blog.polityka.pl\/chetkowski\/wp-json\/wp\/v2\/media?parent=278"}],"wp:term":[{"taxonomy":"category","embeddable":true,"href":"https:\/\/blog.polityka.pl\/chetkowski\/wp-json\/wp\/v2\/categories?post=278"},{"taxonomy":"post_tag","embeddable":true,"href":"https:\/\/blog.polityka.pl\/chetkowski\/wp-json\/wp\/v2\/tags?post=278"}],"curies":[{"name":"wp","href":"https:\/\/api.w.org\/{rel}","templated":true}]}}