
{"id":2838,"date":"2012-02-02T13:45:55","date_gmt":"2012-02-02T11:45:55","guid":{"rendered":"http:\/\/chetkowski.blog.polityka.pl\/?p=2838"},"modified":"2012-02-02T13:46:45","modified_gmt":"2012-02-02T11:46:45","slug":"wspomnienie-o-szymborskiej","status":"publish","type":"post","link":"https:\/\/blog.polityka.pl\/chetkowski\/2012\/02\/02\/wspomnienie-o-szymborskiej\/","title":{"rendered":"Wspomnienie o Szymborskiej"},"content":{"rendered":"<p>Wis\u0142aw\u0119 Szymborsk\u0105 na w\u0142asne oczy zobaczy\u0142em, gdy sz\u0142a pod r\u0119k\u0119 z koleg\u0105 z mojej nowej pracy, polonist\u0105 z XXI LO w \u0141odzi. Nie zdziwi\u0142bym si\u0119, gdyby to dzia\u0142o si\u0119 w szkole. R\u00f3\u017cni go\u015bcie do nas przyje\u017cd\u017caj\u0105 na spotkania z m\u0142odzie\u017c\u0105. Jednak natkn\u0105\u0142em si\u0119 na nich w Pa\u0142acu Pozna\u0144skiego w sobotni wiecz\u00f3r (jakie\u015b 16 lat temu, chyba latem 1996 r.). Para wesz\u0142a do jakiego\u015b pokoju, ja pr\u00f3bowa\u0142em wej\u015b\u0107 za nimi, a tu niespodzianka<!--more-->: drzwi zamkni\u0119te. I wtedy zd\u0119bia\u0142em. Pomy\u015bla\u0142em bowiem, co to za szko\u0142a, kt\u00f3rej nauczyciele chodz\u0105 na przyj\u0119cia z Szymborsk\u0105, zamykaj\u0105 si\u0119 z poetk\u0105 w pokoju itd. Jeszcze troch\u0119 i ksi\u0105\u017ck\u0119 mo\u017cna b\u0119dzie napisa\u0107.<\/p>\n<p>P\u00f3\u017aniej dowiedzia\u0142em si\u0119, \u017ce \u00f3w nauczyciel nie tylko spotyka si\u0119 z Szymborsk\u0105 prywatnie, ale poprosi\u0142 j\u0105 o bycie matk\u0105 chrzestn\u0105 c\u00f3rki, a noblistka si\u0119 zgodzi\u0142a. Dzisiaj, niestety, kolega ju\u017c u nas nie pracuje, ale szko\u0142a nadal przyci\u0105ga niezwyk\u0142ych ludzi. Ksi\u0105\u017ck\u0119 mo\u017cna by o tym napisa\u0107.<\/p>\n<p>Jaki\u015b czas p\u00f3\u017aniej pojecha\u0142em do Krakowa na wieczorne spotkanie z poetami. Akurat Szymborskiej tam nie by\u0142o, ale spotka\u0142 mnie zaszczyt kr\u00f3tkiej rozmowy z Ew\u0105 Lipsk\u0105. Kiedy poetka dowiedzia\u0142a si\u0119, sk\u0105d przyjecha\u0142em, od razu zapyta\u0142a, czy znam takiego a takiego polonist\u0119 z \u0141odzi, kt\u00f3ry przyja\u017ani si\u0119 z Szymborsk\u0105, kt\u00f3ra&#8230; itp., itd. Po prostu materia\u0142 na ksi\u0105\u017ck\u0119.<\/p>\n","protected":false},"excerpt":{"rendered":"<p>Wis\u0142aw\u0119 Szymborsk\u0105 na w\u0142asne oczy zobaczy\u0142em, gdy sz\u0142a pod r\u0119k\u0119 z koleg\u0105 z mojej nowej pracy, polonist\u0105 z XXI LO w \u0141odzi. Nie zdziwi\u0142bym si\u0119, gdyby to dzia\u0142o si\u0119 w szkole. R\u00f3\u017cni go\u015bcie do nas przyje\u017cd\u017caj\u0105 na spotkania z m\u0142odzie\u017c\u0105. Jednak natkn\u0105\u0142em si\u0119 na nich w Pa\u0142acu Pozna\u0144skiego w sobotni wiecz\u00f3r (jakie\u015b 16 lat temu, [&hellip;]<\/p>\n","protected":false},"author":1,"featured_media":0,"comment_status":"open","ping_status":"open","sticky":false,"template":"","format":"standard","meta":{"footnotes":""},"categories":[1],"tags":[],"_links":{"self":[{"href":"https:\/\/blog.polityka.pl\/chetkowski\/wp-json\/wp\/v2\/posts\/2838"}],"collection":[{"href":"https:\/\/blog.polityka.pl\/chetkowski\/wp-json\/wp\/v2\/posts"}],"about":[{"href":"https:\/\/blog.polityka.pl\/chetkowski\/wp-json\/wp\/v2\/types\/post"}],"author":[{"embeddable":true,"href":"https:\/\/blog.polityka.pl\/chetkowski\/wp-json\/wp\/v2\/users\/1"}],"replies":[{"embeddable":true,"href":"https:\/\/blog.polityka.pl\/chetkowski\/wp-json\/wp\/v2\/comments?post=2838"}],"version-history":[{"count":5,"href":"https:\/\/blog.polityka.pl\/chetkowski\/wp-json\/wp\/v2\/posts\/2838\/revisions"}],"predecessor-version":[{"id":2843,"href":"https:\/\/blog.polityka.pl\/chetkowski\/wp-json\/wp\/v2\/posts\/2838\/revisions\/2843"}],"wp:attachment":[{"href":"https:\/\/blog.polityka.pl\/chetkowski\/wp-json\/wp\/v2\/media?parent=2838"}],"wp:term":[{"taxonomy":"category","embeddable":true,"href":"https:\/\/blog.polityka.pl\/chetkowski\/wp-json\/wp\/v2\/categories?post=2838"},{"taxonomy":"post_tag","embeddable":true,"href":"https:\/\/blog.polityka.pl\/chetkowski\/wp-json\/wp\/v2\/tags?post=2838"}],"curies":[{"name":"wp","href":"https:\/\/api.w.org\/{rel}","templated":true}]}}