
{"id":3188,"date":"2012-05-08T20:06:39","date_gmt":"2012-05-08T18:06:39","guid":{"rendered":"http:\/\/chetkowski.blog.polityka.pl\/?p=3188"},"modified":"2012-05-08T20:06:39","modified_gmt":"2012-05-08T18:06:39","slug":"nie-spozniaj-sie-na-mature","status":"publish","type":"post","link":"https:\/\/blog.polityka.pl\/chetkowski\/2012\/05\/08\/nie-spozniaj-sie-na-mature\/","title":{"rendered":"Nie sp\u00f3\u017aniaj si\u0119 na matur\u0119"},"content":{"rendered":"<p>Dawniej o godzinie rozpocz\u0119cia matury zamykano szko\u0142\u0119 i nic ju\u017c nie da\u0142o si\u0119 zrobi\u0107. Nast\u0119pna szansa za rok. Obecnie jest troch\u0119 inaczej. Do szko\u0142y mo\u017cna wej\u015b\u0107 tak\u017ce po rozpocz\u0119ciu egzaminu. O tym, czy wpu\u015bci\u0107 sp\u00f3\u017anionego, decyduje przewodnicz\u0105cy zespo\u0142u egzaminacyjnego. Raczej wpu\u015bci, chyba \u017ce <!--more-->trwa odtwarzanie p\u0142yty (egzamin z j\u0119zyka obcego). Wtedy nie wpu\u015bci, gdy\u017c wej\u015bcie mog\u0142oby przeszkadza\u0107 osobom, kt\u00f3re s\u0105 ju\u017c na sali. Osoba sp\u00f3\u017aniona nie pisze d\u0142u\u017cej. Dla ca\u0142ej sali jest jednakowy czas zako\u0144czenia egzaminu.<\/p>\n<p>Nikt nie powinien si\u0119 sp\u00f3\u017ani\u0107 na swoj\u0105 matur\u0119, ale przecie\u017c zdarzaj\u0105 si\u0119 nieprzewidziane okoliczno\u015bci. Tramwaj mo\u017ce si\u0119 zepsu\u0107, autobus i samoch\u00f3d mog\u0105 trafi\u0107 na korek. Mo\u017cna utkwi\u0107 w windzie albo pojecha\u0107 w przeciwnym kierunku. Noga mo\u017ce skr\u0119ci\u0107 si\u0119 w kostce, urwa\u0107 obcas w bucie, g\u0142owa znale\u017a\u0107 si\u0119 w chmurach, samoch\u00f3d mo\u017ce nie zahamowa\u0107. W takim dniu wszystko zdarzy\u0107 si\u0119 mo\u017ce i sp\u00f3\u017anienie gotowe. Zreszt\u0105 \u017ceby tylko sp\u00f3\u017anienie?<\/p>\n<p>Nie tylko uczniowie maj\u0105 problemy z dotarciem na egzamin. O wiele trudniej przyj\u015b\u0107 punktualnie na matur\u0119 nauczycielom. Niejeden p\u0119dzi na \u0142eb na szyj\u0119 i w ostatniej chwili albo wr\u0119cz po czasie wpada do sali. P\u00f3\u0142 biedy, je\u015bli nauczyciel jest szeregowym egzaminatorem, gorzej, gdy sp\u00f3\u017ania si\u0119 przewodnicz\u0105cy. Tylka dyrekcja si\u0119 nie sp\u00f3\u017ania. Przychodzi bowiem pierwsza i wychodzi ostatnia. Taka dola dyrekcji.<\/p>\n<p>Je\u015bli kto\u015b sp\u00f3\u017ani\u0142 si\u0119 na matur\u0119 z polskiego oraz matematyki i \u017cadnych konsekwencji nie poni\u00f3s\u0142, teraz niech lepiej uwa\u017ca. Z wej\u015bciem po czasie na egzamin z j\u0119zyka obcego mo\u017ce nie by\u0107 ju\u017c tak \u0142atwo.<\/p>\n","protected":false},"excerpt":{"rendered":"<p>Dawniej o godzinie rozpocz\u0119cia matury zamykano szko\u0142\u0119 i nic ju\u017c nie da\u0142o si\u0119 zrobi\u0107. Nast\u0119pna szansa za rok. Obecnie jest troch\u0119 inaczej. Do szko\u0142y mo\u017cna wej\u015b\u0107 tak\u017ce po rozpocz\u0119ciu egzaminu. O tym, czy wpu\u015bci\u0107 sp\u00f3\u017anionego, decyduje przewodnicz\u0105cy zespo\u0142u egzaminacyjnego. Raczej wpu\u015bci, chyba \u017ce<\/p>\n","protected":false},"author":1,"featured_media":0,"comment_status":"open","ping_status":"open","sticky":false,"template":"","format":"standard","meta":{"footnotes":""},"categories":[1],"tags":[],"_links":{"self":[{"href":"https:\/\/blog.polityka.pl\/chetkowski\/wp-json\/wp\/v2\/posts\/3188"}],"collection":[{"href":"https:\/\/blog.polityka.pl\/chetkowski\/wp-json\/wp\/v2\/posts"}],"about":[{"href":"https:\/\/blog.polityka.pl\/chetkowski\/wp-json\/wp\/v2\/types\/post"}],"author":[{"embeddable":true,"href":"https:\/\/blog.polityka.pl\/chetkowski\/wp-json\/wp\/v2\/users\/1"}],"replies":[{"embeddable":true,"href":"https:\/\/blog.polityka.pl\/chetkowski\/wp-json\/wp\/v2\/comments?post=3188"}],"version-history":[{"count":6,"href":"https:\/\/blog.polityka.pl\/chetkowski\/wp-json\/wp\/v2\/posts\/3188\/revisions"}],"predecessor-version":[{"id":3232,"href":"https:\/\/blog.polityka.pl\/chetkowski\/wp-json\/wp\/v2\/posts\/3188\/revisions\/3232"}],"wp:attachment":[{"href":"https:\/\/blog.polityka.pl\/chetkowski\/wp-json\/wp\/v2\/media?parent=3188"}],"wp:term":[{"taxonomy":"category","embeddable":true,"href":"https:\/\/blog.polityka.pl\/chetkowski\/wp-json\/wp\/v2\/categories?post=3188"},{"taxonomy":"post_tag","embeddable":true,"href":"https:\/\/blog.polityka.pl\/chetkowski\/wp-json\/wp\/v2\/tags?post=3188"}],"curies":[{"name":"wp","href":"https:\/\/api.w.org\/{rel}","templated":true}]}}