
{"id":319,"date":"2007-11-18T21:11:35","date_gmt":"2007-11-18T20:11:35","guid":{"rendered":"http:\/\/chetkowski.blog.polityka.pl\/?p=319"},"modified":"2007-11-18T21:11:35","modified_gmt":"2007-11-18T20:11:35","slug":"kogo-wyrzucic-ze-szkoly","status":"publish","type":"post","link":"https:\/\/blog.polityka.pl\/chetkowski\/2007\/11\/18\/kogo-wyrzucic-ze-szkoly\/","title":{"rendered":"Kogo wyrzuci\u0107 ze szko\u0142y?"},"content":{"rendered":"<p>Kiedy nasze przywileje s\u0105 zagro\u017cone, pragniemy, aby kto\u015b przywr\u00f3ci\u0142 r\u00f3wnowag\u0119. R\u00f3wnowaga za\u015b jest wtedy, gdy nasze jest na g\u00f3rze, a cudze na dole. W szkole o interwencji marz\u0105 wszyscy, zar\u00f3wno nauczyciele, jak i uczniowie. Tak\u017ce dyrekcja i rodzice uczni\u00f3w chcieliby, aby wreszcie przyszed\u0142 kto\u015b i zrobi\u0142 z tym wszystkim porz\u0105dek. Na nauczyciela donosi si\u0119 do dyrektora, za\u015b na dyrektora donosi si\u0119 do kuratora, a na kuratora donosi si\u0119 do ministra edukacji. Na ucznia donosi si\u0119 do wychowawcy, jakiego\u015b gro\u017anego nauczyciela, ewentualnie do pedagoga, nieraz za\u015b do dyrektora, bo przecie\u017c kto\u015b musi z uczniami zrobi\u0107 porz\u0105dek. Czasem na wszystkich donosi si\u0119 od razu do ministra. Wszyscy w szkole odczuwaj\u0105 ogromne pragnienie, aby pojawi\u0142 si\u0119 czy\u015bciciel i zacz\u0105\u0142 wymiata\u0107. Jednak nie brudy ma wymiata\u0107, tylko ludzi, bo przecie\u017c jak si\u0119 usunie co drugiego ucznia, wywali po\u0142ow\u0119 nauczycieli, pedagoga, dyrektora, a rodzic\u00f3w przep\u0119dzi na cztery wiatry, to nareszcie w szkole b\u0119dzie dobrze. Zostanie tylko ten, w czyim imieniu wymiatano. Mo\u017ce to b\u0119dzie ucze\u0144, mo\u017ce nauczyciel, ale na pewno b\u0119dzie to jedna osoba, no mo\u017ce dwie.<\/p>\n<p>W weekend dowiedzia\u0142em si\u0119, \u017ce by\u0107 mo\u017ce zostan\u0105 zlikwidowane kuratoria, a kuratorzy wyrzuceni z pracy. Jednak nie projekt jest najbardziej godny uwagi, tylko reakcje nauczycieli, np. takie:<\/p>\n<blockquote><p>&#8222;Tak trzyma\u0107. Oderwanych od rzeczywisto\u015bci darmozjad\u00f3w i szkodnik\u00f3w z kuratori\u00f3w na bruk&#8221; oraz &#8222;Jestem za likwidacj\u0105, za du\u017co tych darmozjad\u00f3w, kt\u00f3rzy o wiele wi\u0119cej zarabiaj\u0105 ni\u017c nauczyciel&#8221; albo &#8222;Zlikwidowa\u0107 i to szybko, niech \u015bladu po nich nie zostanie&#8221; i &#8222;Od dzi\u015b zaczynam si\u0119 modli\u0107, aby tylko PO nie zesz\u0142o z w\u0142a\u015bciwej drogi. Pomys\u0142 z kuratoriami to strza\u0142 w dziesi\u0105tk\u0119!&#8221; oraz &#8222;Oczywi\u015bcie jestem za! Likwidowa\u0107!!!&#8221; i &#8222;By\u0142by to po prostu cud&#8221; (wszystkie cytaty pochodz\u0105 ze strony <a href=\"http:\/\/www.glos.pl\/news.php?action=show&#038;id=2258\" target=\"_blank\">&#8222;G\u0142osu Nauczycielskiego&#8221;<\/a>).<\/p><\/blockquote>\n<p>Obawiam si\u0119, \u017ce gdyby kogokolwiek wyrzucano ze szko\u0142y, reakcje wielu ludzi by\u0142yby podobne. Pami\u0119tam, jak jedna z naszych nauczycielek, gdy dyrekcja nie przed\u0142u\u017cy\u0142a z ni\u0105 umowy, prosi\u0142a uczni\u00f3w o interwencj\u0119, o pomoc, o jakie\u015b wyrazy poparcia. Niestety, srodze si\u0119 zawiod\u0142a, poniewa\u017c du\u017co os\u00f3b cieszy\u0142o si\u0119, \u017ce wreszcie kto\u015b z ni\u0105 zrobi\u0142 porz\u0105dek. Taka jest mentalno\u015b\u0107 wi\u0119kszo\u015bci z nas, my po prostu lubimy, gdy kogo\u015b si\u0119 bierze za \u0142eb i wywala na zbity pysk. Nie ma wi\u0119kszej przyjemno\u015bci od tego widoku.<\/p>\n<p>Pami\u0119tam, jak w zesz\u0142ym roku wielu \u00f3wczesnym komentatorom Belferblogu marzy\u0142o si\u0119, aby mnie kto\u015b z\u0142apa\u0142 za frak i wywali\u0142 z liceum. Kiedy okaza\u0142o si\u0119, \u017ce nikt mnie nie wywala, zmieniono adres i zacz\u0119to marzy\u0107 o wywaleniu jakiego\u015b ucznia. Ucznia nie wywalono, wi\u0119c przyszed\u0142 czas marzy\u0107 o wywaleniu dyrektora. Je\u015bli i to marzenie si\u0119 nie zi\u015bci, przyjdzie kolej na wyrzucanie kolejnych os\u00f3b. Wiem dobrze, \u017ce kto\u015b musi wylecie\u0107, aby \u017c\u0105dny krwi t\u0142um cho\u0107 na chwil\u0119 si\u0119 uspokoi\u0142. Dlatego proponuj\u0119: zr\u00f3bmy kuk\u0142\u0119 i przeprowad\u017amy akcj\u0119 wywalania jej z naszego liceum. Zr\u00f3bmy to wszyscy razem, aby ka\u017cdy si\u0119 cieszy\u0142. I zr\u00f3bmy to sami, co tam b\u0119dziemy prosi\u0107 obcych o interwencj\u0119. W og\u00f3le proponuj\u0119 wprowadzi\u0107 taki zwyczaj w ka\u017cdej plac\u00f3wce. Gdy tylko gdzie\u015b pojawi si\u0119 problem, niech ca\u0142a szko\u0142a robi kuk\u0142\u0119, a potem na oczach wszystkich pracownik\u00f3w i uczni\u00f3w oraz ich rodzic\u00f3w wywala j\u0105 ze szko\u0142y. Kopa w ty\u0142ek i won. Od razu lepiej, nie?<\/p>\n<p>\u00a0<\/p>\n","protected":false},"excerpt":{"rendered":"<p>Kiedy nasze przywileje s\u0105 zagro\u017cone, pragniemy, aby kto\u015b przywr\u00f3ci\u0142 r\u00f3wnowag\u0119. R\u00f3wnowaga za\u015b jest wtedy, gdy nasze jest na g\u00f3rze, a cudze na dole. W szkole o interwencji marz\u0105 wszyscy, zar\u00f3wno nauczyciele, jak i uczniowie. Tak\u017ce dyrekcja i rodzice uczni\u00f3w chcieliby, aby wreszcie przyszed\u0142 kto\u015b i zrobi\u0142 z tym wszystkim porz\u0105dek. Na nauczyciela donosi si\u0119 do [&hellip;]<\/p>\n","protected":false},"author":1,"featured_media":0,"comment_status":"open","ping_status":"open","sticky":false,"template":"","format":"standard","meta":{"footnotes":""},"categories":[1],"tags":[],"_links":{"self":[{"href":"https:\/\/blog.polityka.pl\/chetkowski\/wp-json\/wp\/v2\/posts\/319"}],"collection":[{"href":"https:\/\/blog.polityka.pl\/chetkowski\/wp-json\/wp\/v2\/posts"}],"about":[{"href":"https:\/\/blog.polityka.pl\/chetkowski\/wp-json\/wp\/v2\/types\/post"}],"author":[{"embeddable":true,"href":"https:\/\/blog.polityka.pl\/chetkowski\/wp-json\/wp\/v2\/users\/1"}],"replies":[{"embeddable":true,"href":"https:\/\/blog.polityka.pl\/chetkowski\/wp-json\/wp\/v2\/comments?post=319"}],"version-history":[{"count":0,"href":"https:\/\/blog.polityka.pl\/chetkowski\/wp-json\/wp\/v2\/posts\/319\/revisions"}],"wp:attachment":[{"href":"https:\/\/blog.polityka.pl\/chetkowski\/wp-json\/wp\/v2\/media?parent=319"}],"wp:term":[{"taxonomy":"category","embeddable":true,"href":"https:\/\/blog.polityka.pl\/chetkowski\/wp-json\/wp\/v2\/categories?post=319"},{"taxonomy":"post_tag","embeddable":true,"href":"https:\/\/blog.polityka.pl\/chetkowski\/wp-json\/wp\/v2\/tags?post=319"}],"curies":[{"name":"wp","href":"https:\/\/api.w.org\/{rel}","templated":true}]}}