
{"id":320,"date":"2007-11-19T18:55:30","date_gmt":"2007-11-19T17:55:30","guid":{"rendered":"http:\/\/chetkowski.blog.polityka.pl\/?p=320"},"modified":"2007-11-19T18:55:30","modified_gmt":"2007-11-19T17:55:30","slug":"zal-kazdej-zlotowki","status":"publish","type":"post","link":"https:\/\/blog.polityka.pl\/chetkowski\/2007\/11\/19\/zal-kazdej-zlotowki\/","title":{"rendered":"\u017bal ka\u017cdej z\u0142ot\u00f3wki"},"content":{"rendered":"<p>Jestem got\u00f3w p\u0142aci\u0107 abonament telewizyjny, mimo \u017ce telewizji publicznej nie ogl\u0105dam. Tak samo nie widz\u0119 niczego z\u0142ego w tym, gdy pieni\u0105dze na utrzymanie bibliotek pochodz\u0105 od os\u00f3b, kt\u00f3re ksi\u0105\u017cek nie wypo\u017cyczaj\u0105. Mn\u00f3stwo ludzi ogl\u0105da telewizj\u0119 i wypo\u017cycza ksi\u0105\u017cki w bibliotekach, wi\u0119c warto p\u0142aci\u0107 za ten spo\u0142eczny luksus, nawet je\u015bli osobi\u015bcie z niego nie korzystamy.<\/p>\n<p>Martwi mnie, \u017ce planuje si\u0119 zlikwidowa\u0107 abonament telewizyjno-radiowy w czasach, gdy Polacy zarabiaj\u0105 wi\u0119cej. Abonament przetrwa\u0142 lata kryzysu, By\u0142 w okresie najwi\u0119kszego bezrobocia i najni\u017cszych zarobk\u00f3w, a teraz, kiedy zarobki wzrastaj\u0105, mo\u017ce zosta\u0107 zniesiony. Nie ma \u017cadnego innego powodu, tylko polityczny, bo przecie\u017c nie o ulg\u0119 finansow\u0105 mo\u017ce chodzi\u0107. Je\u015bli chcemy znie\u015b\u0107 jakie\u015b obci\u0105\u017cenie, to znie\u015bmy podatek Belki, a op\u0142at\u0119 abonamentow\u0105 zostawmy.<\/p>\n<p>To prawda, \u017ce bardzo spad\u0142 poziom program\u00f3w w telewizji publicznej. Nie ogl\u0105dam jej, poniewa\u017c nie da si\u0119 jej ogl\u0105da\u0107. Kto\u015b mo\u017ce jednak powiedzie\u0107, \u017ce spad\u0142a jako\u015b\u0107 nauczania, wi\u0119c trzeba za kar\u0119 pozbawi\u0107 szko\u0142y publiczne pieni\u0119dzy z bud\u017cetu, albo \u017ce w szpitalach s\u0105 gorsze warunki opieki medycznej, wi\u0119c nie ma sensu finansowa\u0107 szpitali z pieni\u0119dzy publicznych. Nie chodzi o to, aby pieni\u0105dze tym instytucjom odbiera\u0107, ale o to, aby nadzorowa\u0107, czyje potrzeby s\u0105 zaspokajane za nasze pieni\u0105dze.<\/p>\n<p>Nie lubimy p\u0142aci\u0107. Ludziom \u017cal ka\u017cdej z\u0142ot\u00f3wki, o jak\u0105 si\u0119 ich prosi. W szkole niewielu rodzic\u00f3w ma gest, mimo \u017ce wielu sta\u0107 na dodatkowe wspieranie szko\u0142y. Zwykle ubodzy rodzice p\u0142ac\u0105 tyle, ile jest w zwyczaju p\u0142aci\u0107 na tzw. komitet rodzicielski, a zamo\u017cni nie daj\u0105 ani grosza. Nie daj\u0105, poniewa\u017c uwa\u017caj\u0105, \u017ce szko\u0142a niczego warto\u015bciowego nie oferuje, wi\u0119c niby za co maj\u0105 p\u0142aci\u0107. Dla dzieci tych zamo\u017cnych rodzic\u00f3w rzeczywi\u015bcie szko\u0142a ma niewiele do zaoferowania, ale jest mn\u00f3stwo dzieci z innych rodzin, dla kt\u00f3rych oferta szk\u00f3\u0142 publicznych jest niezwykle atrakcyjna. Tak samo jest z telewizj\u0105. W por\u00f3wnaniu z prawdziwym teatrem czy koncertem muzyki powa\u017cnej ka\u017cda oferta telewizji wydaje si\u0119 md\u0142a. Jednak dla mn\u00f3stwa Polak\u00f3w nawet ta oferta jest niezwykle atrakcyjna. I za to ukulturalnianie naszego narodu warto p\u0142aci\u0107 abonament.<\/p>\n","protected":false},"excerpt":{"rendered":"<p>Jestem got\u00f3w p\u0142aci\u0107 abonament telewizyjny, mimo \u017ce telewizji publicznej nie ogl\u0105dam. Tak samo nie widz\u0119 niczego z\u0142ego w tym, gdy pieni\u0105dze na utrzymanie bibliotek pochodz\u0105 od os\u00f3b, kt\u00f3re ksi\u0105\u017cek nie wypo\u017cyczaj\u0105. Mn\u00f3stwo ludzi ogl\u0105da telewizj\u0119 i wypo\u017cycza ksi\u0105\u017cki w bibliotekach, wi\u0119c warto p\u0142aci\u0107 za ten spo\u0142eczny luksus, nawet je\u015bli osobi\u015bcie z niego nie korzystamy. Martwi [&hellip;]<\/p>\n","protected":false},"author":1,"featured_media":0,"comment_status":"open","ping_status":"open","sticky":false,"template":"","format":"standard","meta":{"footnotes":""},"categories":[1],"tags":[],"_links":{"self":[{"href":"https:\/\/blog.polityka.pl\/chetkowski\/wp-json\/wp\/v2\/posts\/320"}],"collection":[{"href":"https:\/\/blog.polityka.pl\/chetkowski\/wp-json\/wp\/v2\/posts"}],"about":[{"href":"https:\/\/blog.polityka.pl\/chetkowski\/wp-json\/wp\/v2\/types\/post"}],"author":[{"embeddable":true,"href":"https:\/\/blog.polityka.pl\/chetkowski\/wp-json\/wp\/v2\/users\/1"}],"replies":[{"embeddable":true,"href":"https:\/\/blog.polityka.pl\/chetkowski\/wp-json\/wp\/v2\/comments?post=320"}],"version-history":[{"count":0,"href":"https:\/\/blog.polityka.pl\/chetkowski\/wp-json\/wp\/v2\/posts\/320\/revisions"}],"wp:attachment":[{"href":"https:\/\/blog.polityka.pl\/chetkowski\/wp-json\/wp\/v2\/media?parent=320"}],"wp:term":[{"taxonomy":"category","embeddable":true,"href":"https:\/\/blog.polityka.pl\/chetkowski\/wp-json\/wp\/v2\/categories?post=320"},{"taxonomy":"post_tag","embeddable":true,"href":"https:\/\/blog.polityka.pl\/chetkowski\/wp-json\/wp\/v2\/tags?post=320"}],"curies":[{"name":"wp","href":"https:\/\/api.w.org\/{rel}","templated":true}]}}