
{"id":34,"date":"2006-10-09T10:22:02","date_gmt":"2006-10-09T08:22:02","guid":{"rendered":"http:\/\/chetkowski.blog.polityka.pl\/?p=34"},"modified":"2006-10-09T10:22:02","modified_gmt":"2006-10-09T08:22:02","slug":"gdzie-byles-sapkowski","status":"publish","type":"post","link":"https:\/\/blog.polityka.pl\/chetkowski\/2006\/10\/09\/gdzie-byles-sapkowski\/","title":{"rendered":"Gdzie by\u0142e\u015b, Sapkowski?"},"content":{"rendered":"<p>Andrzej Sapkowski uko\u0144czy\u0142 liceum, w kt\u00f3rym pracuj\u0119. Wiele os\u00f3b liczy\u0142o, \u017ce pojawi si\u0119 podczas zjazdu absolwent\u00f3w. Liczy\u0142o i si\u0119 przeliczy\u0142o. Przylecieli ludzie z odleg\u0142ych kraj\u00f3w, zza siedmiu m\u00f3rz, zza siedmiu rzek, zza siedmiu g\u00f3r, nie przyszed\u0142 absolwent mieszkaj\u0105cy po s\u0105siedzku. Ma dwa kroki, najwy\u017cej trzy. By\u0107 mo\u017ce patrzy\u0142 na nas z okna swojego mieszkania i to mu wystarcza\u0142o. Dla mnie, dla innych nauczycieli, dla kole\u017canek i koleg\u00f3w z jego klasy (matura 1966), a przed wszystkim dla obecnych uczni\u00f3w to zdecydowanie za ma\u0142o. Dlatego pytam ASa: Gdzie by\u0142e\u015b?<\/p>\n<p>Sapkowski to niekwestionowany autorytet pisarski. Nie urodzi\u0142 si\u0119 autorytetem, lecz zosta\u0142 nim obdarzony przez czytelnik\u00f3w. Jego wybrali, jego dzie\u0142a docenili. M\u00f3g\u0142 wyl\u0105dowa\u0107 na \u015bmietniku historii literatury, ale tak si\u0119 nie sta\u0142o. M\u00f3g\u0142 przez ca\u0142e \u017cycie narzeka\u0107, \u017ce ma wielki talent, ale nikt nie da\u0142 mu szansy. M\u00f3g\u0142 rozpacza\u0107, \u017ce go nie docenili. Tak si\u0119 nie sta\u0142o. Znalaz\u0142 nieprzeliczone mrowie czytelnik\u00f3w. Wielu z nich to moi uczniowie. Bycie autorytetem m\u0142odzie\u017cy zobowi\u0105zuje. S\u0105 uroczysto\u015bci, na kt\u00f3rych wypada by\u0107. \u015awi\u0119te Mury Szko\u0142y trzeba odwiedza\u0107.<\/p>\n<p>S\u0142awa uderza do g\u0142owy i zamienia cz\u0142owieka w martw\u0105 kuk\u0142\u0119. Niejeden s\u0142awny pisarz tak daleko zap\u0119dzi\u0142 si\u0119 w kolaboracj\u0119 z wydawcami ksi\u0105\u017cek, \u017ce bywa tylko na tych spotkaniach z czytelnikami, na kt\u00f3re ka\u017c\u0105 mu chodzi\u0107 wydawcy. I za kt\u00f3re mo\u017ce otrzyma\u0107 honorarium. Nieobecno\u015b\u0107 Sapkowskiego na zje\u017adzie sk\u0142oni\u0142a mnie do refleksji, \u017ce by\u0107 mo\u017ce on te\u017c sta\u0142 si\u0119 takim kolaborantem. Aby si\u0119 upewni\u0107, pytam ASa: Czy by\u0142a to nieobecno\u015b\u0107 usprawiedliwiona? Co mam powiedzie\u0107 uczniom?<\/p>\n","protected":false},"excerpt":{"rendered":"<p>Andrzej Sapkowski uko\u0144czy\u0142 liceum, w kt\u00f3rym pracuj\u0119. Wiele os\u00f3b liczy\u0142o, \u017ce pojawi si\u0119 podczas zjazdu absolwent\u00f3w. Liczy\u0142o i si\u0119 przeliczy\u0142o. Przylecieli ludzie z odleg\u0142ych kraj\u00f3w, zza siedmiu m\u00f3rz, zza siedmiu rzek, zza siedmiu g\u00f3r, nie przyszed\u0142 absolwent mieszkaj\u0105cy po s\u0105siedzku. Ma dwa kroki, najwy\u017cej trzy. By\u0107 mo\u017ce patrzy\u0142 na nas z okna swojego mieszkania i [&hellip;]<\/p>\n","protected":false},"author":1,"featured_media":0,"comment_status":"open","ping_status":"open","sticky":false,"template":"","format":"standard","meta":{"footnotes":""},"categories":[1],"tags":[],"_links":{"self":[{"href":"https:\/\/blog.polityka.pl\/chetkowski\/wp-json\/wp\/v2\/posts\/34"}],"collection":[{"href":"https:\/\/blog.polityka.pl\/chetkowski\/wp-json\/wp\/v2\/posts"}],"about":[{"href":"https:\/\/blog.polityka.pl\/chetkowski\/wp-json\/wp\/v2\/types\/post"}],"author":[{"embeddable":true,"href":"https:\/\/blog.polityka.pl\/chetkowski\/wp-json\/wp\/v2\/users\/1"}],"replies":[{"embeddable":true,"href":"https:\/\/blog.polityka.pl\/chetkowski\/wp-json\/wp\/v2\/comments?post=34"}],"version-history":[{"count":0,"href":"https:\/\/blog.polityka.pl\/chetkowski\/wp-json\/wp\/v2\/posts\/34\/revisions"}],"wp:attachment":[{"href":"https:\/\/blog.polityka.pl\/chetkowski\/wp-json\/wp\/v2\/media?parent=34"}],"wp:term":[{"taxonomy":"category","embeddable":true,"href":"https:\/\/blog.polityka.pl\/chetkowski\/wp-json\/wp\/v2\/categories?post=34"},{"taxonomy":"post_tag","embeddable":true,"href":"https:\/\/blog.polityka.pl\/chetkowski\/wp-json\/wp\/v2\/tags?post=34"}],"curies":[{"name":"wp","href":"https:\/\/api.w.org\/{rel}","templated":true}]}}