
{"id":3465,"date":"2012-08-08T10:18:13","date_gmt":"2012-08-08T08:18:13","guid":{"rendered":"http:\/\/chetkowski.blog.polityka.pl\/?p=3465"},"modified":"2012-08-08T10:19:30","modified_gmt":"2012-08-08T08:19:30","slug":"ile-za-karte-nauczyciela","status":"publish","type":"post","link":"https:\/\/blog.polityka.pl\/chetkowski\/2012\/08\/08\/ile-za-karte-nauczyciela\/","title":{"rendered":"Ile za Kart\u0119 Nauczyciela?"},"content":{"rendered":"<p>Zaskoczy\u0142a mnie propozycja prezydenta, aby Kart\u0119 Nauczyciela wykupi\u0107 (<a href=\"http:\/\/www.glos.pl\/node\/7304\" target=\"_blank\">zob. info<\/a>). Zaskoczy\u0142a, poniewa\u017c nauczyciele s\u0105 traktowani przez w\u0142adz\u0119 niczym d\u017centelmeni\u00a0&#8211; o pieni\u0105dzach si\u0119 z nimi nie rozmawia. A przecie\u017c w konflikcie o Kart\u0119 chodzi tylko i wy\u0142\u0105cznie o pieni\u0105dze. Je\u015bli bud\u017cet ma na likwidacji Karty zyska\u0107, to dlaczego nauczyciele mieliby straci\u0107? Mo\u017ce trzeba si\u0119 tymi pieni\u0119dzmi podzieli\u0107?<!--more--><\/p>\n<p>Gdy w czasie studi\u00f3w pracowa\u0142em w firmie, cz\u0119sto rozmawiali\u015bmy o pieni\u0105dzach. Szef chcia\u0142, aby ludzie przyszli do pracy w sobot\u0119. Dobrze, ale za ile?\u00a0&#8211; pytali\u015bmy. Konieczne by\u0142y nocki. Nie ma sprawy &#8211; za ile? Dodatkowa robota sprawia\u0142a nawet rado\u015b\u0107, poniewa\u017c by\u0142a okazj\u0105 do dorobienia. Wi\u0119cej pracy, wi\u0119cej pieni\u0119dzy. Wszystko jasne.<\/p>\n<p>W szkole o pieni\u0105dzach si\u0119 nie rozmawia. Jad\u0119 z klas\u0105 na kilkudniow\u0105 wycieczk\u0119 i zajmuje mi to weekend. Dyrektor twierdzi, \u017ce to w ramach 40-godzinnego tygodnia pracy. Nocami czuwam nad bezpiecze\u0144stwem dzieci\u00a0&#8211; znowu bez dodatkowego wynagrodzenia. Id\u0119 wieczorem z klas\u0105 do teatru\u00a0&#8211; za zap\u0142at\u0119 musi wystarczy\u0107 ogl\u0105danie gry aktorskiej. Przybywa obowi\u0105zk\u00f3w, np. w ostatnim czasie kazano mi obj\u0105\u0107 dodatkow\u0105 opiek\u0105 uczni\u00f3w ze specjalnymi potrzebami. I znowu o pieni\u0105dzach cisza. Siedzimy na radach pedagogicznych do 19.00 albo 20.00 i znowu cisza. Dyrekcja uspokaja, \u017ce nied\u0142ugo wakacje, to sobie odbijemy. Nic wi\u0119c dziwnego, \u017ce nauczyciele nogami i r\u0119kami broni\u0105 si\u0119 przed likwidacj\u0105 Karty, bo to oznacza du\u017co wi\u0119cej pracy i ani s\u0142owa o pieni\u0105dzach. Karta stanowi form\u0119 zap\u0142aty za prac\u0119 w weekendy, po godzinach i mas\u0119 dodatkowych obowi\u0105zk\u00f3w. Proponowanie pieni\u0119dzy za likwidacj\u0119 Karty nie jest zatem pozbawione sensu.<\/p>\n<p>Ile wi\u0119c rz\u0105d i samorz\u0105dy mog\u0105 zaoszcz\u0119dzi\u0107 na likwidacji Karty? Ile gotowe s\u0105 odda\u0107 nauczycielom ze swojego zysku? Zagrajmy w otwarte karty, a wtedy zobaczymy, co na to nauczyciele.<\/p>\n","protected":false},"excerpt":{"rendered":"<p>Zaskoczy\u0142a mnie propozycja prezydenta, aby Kart\u0119 Nauczyciela wykupi\u0107 (zob. info). Zaskoczy\u0142a, poniewa\u017c nauczyciele s\u0105 traktowani przez w\u0142adz\u0119 niczym d\u017centelmeni\u00a0&#8211; o pieni\u0105dzach si\u0119 z nimi nie rozmawia. A przecie\u017c w konflikcie o Kart\u0119 chodzi tylko i wy\u0142\u0105cznie o pieni\u0105dze. Je\u015bli bud\u017cet ma na likwidacji Karty zyska\u0107, to dlaczego nauczyciele mieliby straci\u0107? Mo\u017ce trzeba si\u0119 tymi pieni\u0119dzmi [&hellip;]<\/p>\n","protected":false},"author":1,"featured_media":0,"comment_status":"open","ping_status":"open","sticky":false,"template":"","format":"standard","meta":{"footnotes":""},"categories":[1],"tags":[],"_links":{"self":[{"href":"https:\/\/blog.polityka.pl\/chetkowski\/wp-json\/wp\/v2\/posts\/3465"}],"collection":[{"href":"https:\/\/blog.polityka.pl\/chetkowski\/wp-json\/wp\/v2\/posts"}],"about":[{"href":"https:\/\/blog.polityka.pl\/chetkowski\/wp-json\/wp\/v2\/types\/post"}],"author":[{"embeddable":true,"href":"https:\/\/blog.polityka.pl\/chetkowski\/wp-json\/wp\/v2\/users\/1"}],"replies":[{"embeddable":true,"href":"https:\/\/blog.polityka.pl\/chetkowski\/wp-json\/wp\/v2\/comments?post=3465"}],"version-history":[{"count":7,"href":"https:\/\/blog.polityka.pl\/chetkowski\/wp-json\/wp\/v2\/posts\/3465\/revisions"}],"predecessor-version":[{"id":3472,"href":"https:\/\/blog.polityka.pl\/chetkowski\/wp-json\/wp\/v2\/posts\/3465\/revisions\/3472"}],"wp:attachment":[{"href":"https:\/\/blog.polityka.pl\/chetkowski\/wp-json\/wp\/v2\/media?parent=3465"}],"wp:term":[{"taxonomy":"category","embeddable":true,"href":"https:\/\/blog.polityka.pl\/chetkowski\/wp-json\/wp\/v2\/categories?post=3465"},{"taxonomy":"post_tag","embeddable":true,"href":"https:\/\/blog.polityka.pl\/chetkowski\/wp-json\/wp\/v2\/tags?post=3465"}],"curies":[{"name":"wp","href":"https:\/\/api.w.org\/{rel}","templated":true}]}}