
{"id":381,"date":"2008-02-01T13:09:22","date_gmt":"2008-02-01T12:09:22","guid":{"rendered":"http:\/\/chetkowski.blog.polityka.pl\/?p=381"},"modified":"2008-02-01T13:09:22","modified_gmt":"2008-02-01T12:09:22","slug":"szkoly-intensywnie-uzytkowane","status":"publish","type":"post","link":"https:\/\/blog.polityka.pl\/chetkowski\/2008\/02\/01\/szkoly-intensywnie-uzytkowane\/","title":{"rendered":"Szko\u0142y intensywnie u\u017cytkowane"},"content":{"rendered":"<p>Spo\u0142ecze\u0144stwo apeluje, aby szko\u0142y by\u0142y otwarte tak\u017ce w dni wolne od zaj\u0119\u0107 dydaktycznych, szczeg\u00f3lnie w ferie i wakacje. Je\u015bli naprawd\u0119 takie jest zapotrzebowanie spo\u0142eczne, nie mam nic przeciwko temu. Natomiast je\u015bli chce si\u0119 na si\u0142\u0119 przekszta\u0142ci\u0107 szko\u0142y publiczne w firmy, kt\u00f3re dzia\u0142aj\u0105 do ostatniego klienta, to jestem przeciwny. Plac\u00f3wki edukacyjne powinny by\u0107 wyczulone na realne potrzeby najbli\u017cszego \u015brodowiska, natomiast powinny stawi\u0107 op\u00f3r fanatykom wolnego rynku, kt\u00f3rzy chcieliby, aby wszystko dzia\u0142a\u0142o na zasadzie wolnego rynku.<\/p>\n<p>Z do\u015bwiadczenia wiem, \u017ce cz\u0119\u015b\u0107 uczni\u00f3w ch\u0119tnie przychodzi\u0142aby w wolne dni do szko\u0142y, chocia\u017cby po to, aby skorzysta\u0107 z pracowni komputerowej b\u0105d\u017a pogra\u0107 na boisku czy po\u0107wiczy\u0107 na si\u0142owni. Wed\u0142ug moich obserwacji zainteresowanie nie przekroczy\u0142oby 10 procent, czyli w przypadku mojego liceum mo\u017cna liczy\u0107 na jakie\u015b 50-60 uczni\u00f3w dziennie (licz\u0119, optymistycznie zawy\u017caj\u0105c). Podobnie w innych szko\u0142ach (5-15-procentowe zainteresowanie w\u015br\u00f3d uczni\u00f3w). By\u0142oby zatem marnotrawstwem otwiera\u0107 wszystkie szko\u0142y w okolicy. Obok mojego liceum jest szko\u0142a podstawowa, niedaleko gimnazjum, liceum, kolejna szko\u0142a podstawowa, a kilometr dalej nast\u0119pne szko\u0142y. Nic by si\u0119 zatem nie sta\u0142o, gdyby w okresie wolnym od zaj\u0119\u0107 rotacyjnie udost\u0119pniano m\u0142odzie\u017cy raz jedn\u0105, raz drug\u0105 plac\u00f3wk\u0119. Odpowiedni grafik dy\u017cur\u00f3w m\u00f3g\u0142by wisie\u0107 na drzwiach ka\u017cdej szko\u0142y, aby uczniowie wiedzieli, dok\u0105d i\u015b\u0107.<\/p>\n<p>Chodzi wy\u0142\u0105cznie o udost\u0119pnianie szk\u00f3\u0142 uczniom, gdy\u017c plac\u00f3wki s\u0105 otwarte we wszystkie dni robocze, tak\u017ce podczas ferii i wakacji (dzia\u0142a ksi\u0119gowo\u015b\u0107, sekretariat, cz\u0119\u015b\u0107 nauczycieli przychodzi popracowa\u0107). Jednak m\u0142odzie\u017c nie mo\u017ce by\u0107 non stop w budynku, poniewa\u017c trzeba przeprowadzi\u0107 gruntowny przegl\u0105d stanu technicznego oraz dokona\u0107 niezb\u0119dnych remont\u00f3w. Naprawd\u0119 po roku intensywnego u\u017cytkowania (budynki szkolne s\u0105 eksploatowane tak jak wi\u0119zienia\u00a0&#8211; kilkakrotnie ponad dopuszczaln\u0105 norm\u0119) trzeba sprawdzi\u0107 wszystko, nawet wytrzyma\u0142o\u015b\u0107 strop\u00f3w. Pami\u0119tam, gdy by\u0142em uczniem, \u017ce w wyniku zaniedbania tej sprawy pewnego razu jedna sala wpad\u0142a pi\u0119tro ni\u017cej, poniewa\u017c zawali\u0142 si\u0119 strop. Ca\u0142e szcz\u0119\u015bcie, \u017ce katastrofa budowlana mia\u0142a miejsce w nocy. Niestety, stan techniczny wi\u0119kszo\u015bci budynk\u00f3w jest katastrofalny, wi\u0119c trzeba sprawdza\u0107 i dmucha\u0107 na zimne, bo inaczej zdarzy si\u0119 tragedia. Jestem za tym, aby szko\u0142y by\u0142y otwarte dla uczni\u00f3w, ale procedura korzystania z budynk\u00f3w w wakacje musi by\u0107 wdra\u017cana m\u0105drze, a nie na hurra. Nie tak dawno przecie\u017c s\u0105d uzna\u0142 dyrekcj\u0119 pewnej szko\u0142y winn\u0105 zaniedbania, gdy na boisku metalowa bramka przygniot\u0142a ucznia, w wyniku czego zmar\u0142. Dyrektorzy wol\u0105 wi\u0119c zamkn\u0105\u0107 sw\u00f3j budynek na kilka tygodni i sprawdzi\u0107 wszystko po sto razy. Czy zdajemy sobie spraw\u0119, ile jest obecnie wypadk\u00f3w w szko\u0142ach?<\/p>\n<p>Spo\u0142ecze\u0144stwo uwa\u017ca, \u017ce nauczyciele maj\u0105 tyle wolnych dni, wi\u0119c mog\u0105 ma\u0142o zarabia\u0107. Ja chc\u0119 mie\u0107 tyle dni wolnego, ile przys\u0142uguje osobie z wy\u017cszym wykszta\u0142ceniem (26 dni roboczych, czyli ponad 5 tygodni). Przez reszt\u0119 dni mog\u0119 pracowa\u0107, ale nie w warunkach ur\u0105gaj\u0105cych bezpiecze\u0144stwu i higienie pracy. Zanim wi\u0119c wprowadzi si\u0119 przepis, \u017ce szko\u0142y maj\u0105 by\u0107 otwarte niczym stacje paliw\u00a0&#8211; 24 godziny na dob\u0119, sprawd\u017amy, jakie b\u0119d\u0105 tego skutki. A potem m\u0105drze wprowadzajmy zmiany.<\/p>\n","protected":false},"excerpt":{"rendered":"<p>Spo\u0142ecze\u0144stwo apeluje, aby szko\u0142y by\u0142y otwarte tak\u017ce w dni wolne od zaj\u0119\u0107 dydaktycznych, szczeg\u00f3lnie w ferie i wakacje. Je\u015bli naprawd\u0119 takie jest zapotrzebowanie spo\u0142eczne, nie mam nic przeciwko temu. Natomiast je\u015bli chce si\u0119 na si\u0142\u0119 przekszta\u0142ci\u0107 szko\u0142y publiczne w firmy, kt\u00f3re dzia\u0142aj\u0105 do ostatniego klienta, to jestem przeciwny. Plac\u00f3wki edukacyjne powinny by\u0107 wyczulone na realne [&hellip;]<\/p>\n","protected":false},"author":1,"featured_media":0,"comment_status":"open","ping_status":"open","sticky":false,"template":"","format":"standard","meta":{"footnotes":""},"categories":[1],"tags":[],"_links":{"self":[{"href":"https:\/\/blog.polityka.pl\/chetkowski\/wp-json\/wp\/v2\/posts\/381"}],"collection":[{"href":"https:\/\/blog.polityka.pl\/chetkowski\/wp-json\/wp\/v2\/posts"}],"about":[{"href":"https:\/\/blog.polityka.pl\/chetkowski\/wp-json\/wp\/v2\/types\/post"}],"author":[{"embeddable":true,"href":"https:\/\/blog.polityka.pl\/chetkowski\/wp-json\/wp\/v2\/users\/1"}],"replies":[{"embeddable":true,"href":"https:\/\/blog.polityka.pl\/chetkowski\/wp-json\/wp\/v2\/comments?post=381"}],"version-history":[{"count":0,"href":"https:\/\/blog.polityka.pl\/chetkowski\/wp-json\/wp\/v2\/posts\/381\/revisions"}],"wp:attachment":[{"href":"https:\/\/blog.polityka.pl\/chetkowski\/wp-json\/wp\/v2\/media?parent=381"}],"wp:term":[{"taxonomy":"category","embeddable":true,"href":"https:\/\/blog.polityka.pl\/chetkowski\/wp-json\/wp\/v2\/categories?post=381"},{"taxonomy":"post_tag","embeddable":true,"href":"https:\/\/blog.polityka.pl\/chetkowski\/wp-json\/wp\/v2\/tags?post=381"}],"curies":[{"name":"wp","href":"https:\/\/api.w.org\/{rel}","templated":true}]}}