
{"id":4166,"date":"2013-02-02T17:47:48","date_gmt":"2013-02-02T16:47:48","guid":{"rendered":"http:\/\/chetkowski.blog.polityka.pl\/?p=4166"},"modified":"2013-02-02T19:25:20","modified_gmt":"2013-02-02T18:25:20","slug":"moja-czternastka","status":"publish","type":"post","link":"https:\/\/blog.polityka.pl\/chetkowski\/2013\/02\/02\/moja-czternastka\/","title":{"rendered":"Moja czternastka"},"content":{"rendered":"<p>Nauczyciele dyplomowani w \u0141odzi i tylko tacy otrzymali w tym roku wynagrodzenie, kt\u00f3re media nazywaj\u0105 czternastk\u0105. Na konto wp\u0142yn\u0119\u0142a ka\u017cdemu ta sama kwota, tj. 259 z\u0142. Nauczyciele o innych stopniach awansu dostali czternastk\u0119 zerow\u0105, tzn. nic. Chocia\u017c suma jest ma\u0142a, ciesz\u0119 si\u0119, gdy\u017c traktuj\u0119 j\u0105 jak symbol &#8211; symbol ograbiania nauczycieli z nale\u017cnych pobor\u00f3w.<\/p>\n<ol><!--more--><\/p>\n<p>Czternastk\u0119 dosta\u0142em po raz pierwszy. Znaczy to, \u017ce pierwszy raz w\u0142adze w \u0141odzi nie wyp\u0142aci\u0142y wynagrodze\u0144, kt\u00f3re gwarantuje ustawa. Pa\u0144stwo gwarantuje nauczycielom, \u017ce otrzymaj\u0105 minimalne wynagrodzenie. Gdy go nie ma, dostajemy wyr\u00f3wnanie zwane w\u0142a\u015bnie czternastk\u0105. Niestety, co roku zwi\u0119ksza si\u0119 liczba gmin i powiat\u00f3w, kt\u00f3re nie wyp\u0142acaj\u0105 nauczycielom minimalnego wynagrodzenia. W tym roku do tego niechlubnego grona do\u0142\u0105czy\u0142a \u0141\u00f3d\u017a. Do tej pory p\u0142aci\u0142a r\u00f3wno minimum.<\/p>\n<p>Skoro m\u00f3wimy o czternastce, to musi by\u0107 te\u017c trzynastka. W tym roku jeszcze jej nie widzieli\u015bmy, ale b\u0119dzie &#8211; pewnie pod koniec marca. Na razie dostali j\u0105 ju\u017c urz\u0119dnicy. Jak powiedzia\u0142 mi kolega, kt\u00f3ry podlega pod Urz\u0105d Marsza\u0142kowski, trzynastki ju\u017c wesz\u0142y im na konta. W\u0142adza bowiem dba najpierw o siebie i o swoich urz\u0119dnik\u00f3w, a na ko\u0144cu dopiero wype\u0142nia zobowi\u0105zania wobec nauczycieli. Wype\u0142nia, bo tak wynika z ustawy. Ale przecie\u017c gdyby nie przepisy, nie zobaczyliby\u015bmy ani trzynastki, ani owego wyr\u00f3wnania do minimum zwanego czternastk\u0105, a i zarobki od pierwszego do dwunastego miesi\u0105ca by\u0142yby du\u017co mniejsze ni\u017c minimum.<\/p>\n","protected":false},"excerpt":{"rendered":"<p>Nauczyciele dyplomowani w \u0141odzi i tylko tacy otrzymali w tym roku wynagrodzenie, kt\u00f3re media nazywaj\u0105 czternastk\u0105. Na konto wp\u0142yn\u0119\u0142a ka\u017cdemu ta sama kwota, tj. 259 z\u0142. Nauczyciele o innych stopniach awansu dostali czternastk\u0119 zerow\u0105, tzn. nic. Chocia\u017c suma jest ma\u0142a, ciesz\u0119 si\u0119, gdy\u017c traktuj\u0119 j\u0105 jak symbol &#8211; symbol ograbiania nauczycieli z nale\u017cnych pobor\u00f3w.<\/p>\n","protected":false},"author":1,"featured_media":0,"comment_status":"open","ping_status":"closed","sticky":false,"template":"","format":"standard","meta":{"footnotes":""},"categories":[1],"tags":[],"_links":{"self":[{"href":"https:\/\/blog.polityka.pl\/chetkowski\/wp-json\/wp\/v2\/posts\/4166"}],"collection":[{"href":"https:\/\/blog.polityka.pl\/chetkowski\/wp-json\/wp\/v2\/posts"}],"about":[{"href":"https:\/\/blog.polityka.pl\/chetkowski\/wp-json\/wp\/v2\/types\/post"}],"author":[{"embeddable":true,"href":"https:\/\/blog.polityka.pl\/chetkowski\/wp-json\/wp\/v2\/users\/1"}],"replies":[{"embeddable":true,"href":"https:\/\/blog.polityka.pl\/chetkowski\/wp-json\/wp\/v2\/comments?post=4166"}],"version-history":[{"count":10,"href":"https:\/\/blog.polityka.pl\/chetkowski\/wp-json\/wp\/v2\/posts\/4166\/revisions"}],"predecessor-version":[{"id":4178,"href":"https:\/\/blog.polityka.pl\/chetkowski\/wp-json\/wp\/v2\/posts\/4166\/revisions\/4178"}],"wp:attachment":[{"href":"https:\/\/blog.polityka.pl\/chetkowski\/wp-json\/wp\/v2\/media?parent=4166"}],"wp:term":[{"taxonomy":"category","embeddable":true,"href":"https:\/\/blog.polityka.pl\/chetkowski\/wp-json\/wp\/v2\/categories?post=4166"},{"taxonomy":"post_tag","embeddable":true,"href":"https:\/\/blog.polityka.pl\/chetkowski\/wp-json\/wp\/v2\/tags?post=4166"}],"curies":[{"name":"wp","href":"https:\/\/api.w.org\/{rel}","templated":true}]}}