
{"id":456,"date":"2008-05-05T12:49:29","date_gmt":"2008-05-05T11:49:29","guid":{"rendered":"http:\/\/chetkowski.blog.polityka.pl\/?p=456"},"modified":"2008-05-05T12:51:58","modified_gmt":"2008-05-05T11:51:58","slug":"radosc-z-matury","status":"publish","type":"post","link":"https:\/\/blog.polityka.pl\/chetkowski\/2008\/05\/05\/radosc-z-matury\/","title":{"rendered":"Rado\u015b\u0107 z matury"},"content":{"rendered":"<p class=\"MsoNormal\" style=\"text-align: justify\"><span style=\"font-size: 9pt\">Tematy egzaminacyjne z j\u0119zyka polskiego wywo\u0142a\u0142y rado\u015b\u0107, zar\u00f3wno na poziomie podstawowym, jak i rozszerzonym. &#8222;Lalka&#8221; Boles\u0142awa Prusa, &#8222;Oda do m\u0142odo\u015bci&#8221; Adama Mickiewicza, poezja Kazimierza Przerwy-Tetmajera (poziom podstawowy) oraz opowiadanie S\u0142awomira Mro\u017cka, &#8222;Kamie\u0144 na kamieniu&#8221; Wies\u0142awa My\u015bliwskiego w zestawieniu z wierszem R\u00f3\u017cewicza (poziom rozszerzony). W zesz\u0142ym roku miny by\u0142y niet\u0119gie, natomiast w tym &#8211; wielka rado\u015b\u0107. Nie wiem, jak posz\u0142o w innych szko\u0142ach, ale mojej budzie patronuje Prus, wi\u0119c zapanowa\u0142a atmosfera \u015bwi\u0119ta, tak w\u015br\u00f3d uczni\u00f3w, jak i w gronie nauczycieli. Chodz\u0105 s\u0142uchy, \u017ce &#8222;Lalk\u0119&#8221; wymodli\u0142a dyrekcja. Znaczy si\u0119, stara\u0142a si\u0119 o to od lat, ale jako\u015b w niebiosach Prus nie mia\u0142 wzi\u0119cia. W tym roku te\u017c o ma\u0142y w\u0142os nie przegra\u0142 z Herbertem, jednak w ko\u0144cu idea pracy organicznej zwyci\u0119\u017cy\u0142a pana Cogito. Niech m\u0142odzie\u017c pracuje, a nie m\u0119drkuje.<o:p><\/o:p><\/span><\/p>\n<p class=\"MsoNormal\" style=\"text-align: justify\"><span style=\"font-size: 9pt\"><o:p><\/o:p>Sporo uczni\u00f3w wysz\u0142o z sali przed czasem, a niekt\u00f3rym wr\u0119cz wystarczy\u0142o p\u00f3\u0142torej godziny, zamiast przepisowych trzech. Byli\u015bmy w szoku, przecie\u017c warto czyta\u0107 swoj\u0105 prac\u0119 kilka razy, aby wychwyci\u0107 b\u0142\u0119dy. Jednak ludziom si\u0119 nie chcia\u0142o.<o:p><\/o:p><\/span><\/p>\n<p class=\"MsoNormal\" style=\"text-align: justify\"><span style=\"font-size: 9pt\"><o:p><\/o:p>Tegoroczna matura obali\u0142a mit, \u017ce na poziomie podstawowym nie ma poezji. Co za niespodzianka! Analizuj\u0119 z uczniami wiersze w niesko\u0144czono\u015b\u0107, wi\u0119c wiele os\u00f3b ma do\u015b\u0107. Prosz\u0105, abym przesta\u0142, poniewa\u017c na poziomie podstawowym nie by\u0142o nigdy poezji. Ludzie, zaufajcie zasadzie, \u017ce na egzaminie s\u0105 niespodzianki. Jak nigdy nie by\u0142o, to teraz b\u0119dzie. Mo\u017cna wr\u0119cz si\u0119 spodziewa\u0107, \u017ce na maturze obowi\u0105zuje zasada zaskoczenia. Przysz\u0142orocznym maturzystom powiem, \u017ce najbardziej zaskoczy\u0142aby mnie literatura obca na poziomie podstawowym. Czyli to w\u0142a\u015bnie b\u0119dzie za rok, np. &#8222;Zbrodnia i kara&#8221;. I dobrze. Dostojewski te\u017c wywo\u0142a rado\u015b\u0107. Oczywi\u015bcie jak kto\u015b \u017cadnych ksi\u0105\u017cek nie czyta, to nic go nie ucieszy.<o:p><\/o:p><\/span><\/p>\n<p class=\"MsoNormal\" style=\"text-align: justify\"><span style=\"font-size: 8pt\"><o:p><\/o:p><\/span><\/p>\n","protected":false},"excerpt":{"rendered":"<p>Tematy egzaminacyjne z j\u0119zyka polskiego wywo\u0142a\u0142y rado\u015b\u0107, zar\u00f3wno na poziomie podstawowym, jak i rozszerzonym. &#8222;Lalka&#8221; Boles\u0142awa Prusa, &#8222;Oda do m\u0142odo\u015bci&#8221; Adama Mickiewicza, poezja Kazimierza Przerwy-Tetmajera (poziom podstawowy) oraz opowiadanie S\u0142awomira Mro\u017cka, &#8222;Kamie\u0144 na kamieniu&#8221; Wies\u0142awa My\u015bliwskiego w zestawieniu z wierszem R\u00f3\u017cewicza (poziom rozszerzony). W zesz\u0142ym roku miny by\u0142y niet\u0119gie, natomiast w tym &#8211; wielka rado\u015b\u0107. [&hellip;]<\/p>\n","protected":false},"author":1,"featured_media":0,"comment_status":"open","ping_status":"open","sticky":false,"template":"","format":"standard","meta":{"footnotes":""},"categories":[1],"tags":[],"_links":{"self":[{"href":"https:\/\/blog.polityka.pl\/chetkowski\/wp-json\/wp\/v2\/posts\/456"}],"collection":[{"href":"https:\/\/blog.polityka.pl\/chetkowski\/wp-json\/wp\/v2\/posts"}],"about":[{"href":"https:\/\/blog.polityka.pl\/chetkowski\/wp-json\/wp\/v2\/types\/post"}],"author":[{"embeddable":true,"href":"https:\/\/blog.polityka.pl\/chetkowski\/wp-json\/wp\/v2\/users\/1"}],"replies":[{"embeddable":true,"href":"https:\/\/blog.polityka.pl\/chetkowski\/wp-json\/wp\/v2\/comments?post=456"}],"version-history":[{"count":0,"href":"https:\/\/blog.polityka.pl\/chetkowski\/wp-json\/wp\/v2\/posts\/456\/revisions"}],"wp:attachment":[{"href":"https:\/\/blog.polityka.pl\/chetkowski\/wp-json\/wp\/v2\/media?parent=456"}],"wp:term":[{"taxonomy":"category","embeddable":true,"href":"https:\/\/blog.polityka.pl\/chetkowski\/wp-json\/wp\/v2\/categories?post=456"},{"taxonomy":"post_tag","embeddable":true,"href":"https:\/\/blog.polityka.pl\/chetkowski\/wp-json\/wp\/v2\/tags?post=456"}],"curies":[{"name":"wp","href":"https:\/\/api.w.org\/{rel}","templated":true}]}}