
{"id":476,"date":"2008-05-30T15:05:16","date_gmt":"2008-05-30T14:05:16","guid":{"rendered":"http:\/\/chetkowski.blog.polityka.pl\/?p=476"},"modified":"2008-05-30T15:05:16","modified_gmt":"2008-05-30T14:05:16","slug":"przyznaje-sie-do","status":"publish","type":"post","link":"https:\/\/blog.polityka.pl\/chetkowski\/2008\/05\/30\/przyznaje-sie-do\/","title":{"rendered":"Przyznaj\u0119 si\u0119 do&#8230;"},"content":{"rendered":"<p>Trwa moda na przyznawanie si\u0119 do niew\u0142a\u015bciwych zachowa\u0144. Codziennie dowiadujemy si\u0119, \u017ce kto\u015b robi\u0142 \u017ale, ale teraz tego \u017ca\u0142uje. Premier nieomal codziennie za co\u015b przeprasza i obiecuje nigdy tego nie robi\u0107. Brawo! \u0106pa\u0142, bi\u0142 w\u0142asne dzieci, ale sam wie, \u017ce \u017ale robi\u0142, dlatego brawo! Po prostu wz\u00f3r. Tylko na\u015bladowa\u0107!<\/p>\n<p>Podszed\u0142 do mnie kt\u00f3rego\u015b razu zaprzyja\u017aniony ksi\u0105dz i zapyta\u0142, kiedy by\u0142em ostatnio u spowiedzi. Odpowiedzia\u0142em, \u017ce ja nie grzesz\u0119, wi\u0119c si\u0119 nie spowiadam. I tu pope\u0142ni\u0142em straszn\u0105 gaf\u0119. Jakie to niemodne twierdzi\u0107, \u017ce si\u0119 jest czystym jak \u0142za. To\u017c to objaw strasznej pychy. Do niczego w \u017cyciu nie dojd\u0119, jak si\u0119 b\u0119d\u0119 stroi\u0142 w pi\u00f3rka niewinno\u015bci. G\u0142upio odpowiedzia\u0142em ksi\u0119dzu, a przecie\u017c&#8230; niech si\u0119 tylko zastanowi\u0119&#8230; grzeszy\u0142em, \u0107pa\u0142em, pi\u0142em i bi\u0142em&#8230; strach mnie ogarnia, gdy pomy\u015bl\u0119 o swojej przesz\u0142o\u015bci, bo ju\u017c w kolebce b\u0119d\u0105c&#8230;<\/p>\n<p>Tak mocno niszczy\u0142em swoje cia\u0142o, \u017ce teraz cierpi\u0119 na zaniki pami\u0119ci. Prawd\u0119 m\u00f3wi\u0105c, troch\u0119 w \u017cyciu nagrzeszy\u0142em. Tylko do czego by si\u0119 tu przyzna\u0107 publicznie, aby spowied\u017a wzmocni\u0142a m\u00f3j wizerunek, a w \u017cadnym wypadku go nie os\u0142abi\u0142a? O spowiadaniu si\u0119 ksi\u0119dzu na ucho nie mo\u017ce by\u0107 mowy. Dzi\u015b trzeba si\u0119 spowiada\u0107 publicznie. I do czego m\u00f3g\u0142by si\u0119 przyzna\u0107 publicznie nauczyciel i wychowawca m\u0142odzie\u017cy?<\/p>\n<p>Nie ma sensu ryzykowa\u0107. W tej sprawie musz\u0119 uda\u0107 si\u0119 do powa\u017cnej firmy doradczej. Niech\u017ce zrobi badania marketingowe i ustali, do czego mogliby si\u0119 przyznawa\u0107 polscy nauczyciele. We\u017amy na przyk\u0142ad bicie swoich uczni\u00f3w. Dzi\u015b ani nie twierdz\u0119, \u017ce bi\u0142em swoich uczni\u00f3w, ani te\u017c nie twierdz\u0119, \u017ce nie bi\u0142em. Nie jestem ja taki g\u0142upi, aby co\u015b twierdzi\u0107 albo nie twierdzi\u0107 bez sprawdzenia, jaki to b\u0119dzie mia\u0142o wp\u0142yw na m\u00f3j wizerunek. Czy m\u00f3g\u0142by premier poda\u0107 mi namiary na instytucj\u0119, w kt\u00f3rej zasi\u0119ga\u0142 porady w sprawie przyznawania si\u0119 do winy? Tak bardzo chcia\u0142bym si\u0119 do czego\u015b przyzna\u0107, ale nie wiem, co jest na topie. Narkotyki, alkohol, bicie dzieci czy nieudzielanie pomocy ofiarom wypadk\u00f3w na drodze? A mo\u017ce wykradanie drobnych z portfela rodzic\u00f3w? Czuj\u0119, \u017ce premier podkrada\u0142 mamie i tacie&#8230;<\/p>\n<p>Wi\u0119c do czego m\u00f3g\u0142by si\u0119 przyzna\u0107 nauczyciel?<\/p>\n","protected":false},"excerpt":{"rendered":"<p>Trwa moda na przyznawanie si\u0119 do niew\u0142a\u015bciwych zachowa\u0144. Codziennie dowiadujemy si\u0119, \u017ce kto\u015b robi\u0142 \u017ale, ale teraz tego \u017ca\u0142uje. Premier nieomal codziennie za co\u015b przeprasza i obiecuje nigdy tego nie robi\u0107. Brawo! \u0106pa\u0142, bi\u0142 w\u0142asne dzieci, ale sam wie, \u017ce \u017ale robi\u0142, dlatego brawo! Po prostu wz\u00f3r. Tylko na\u015bladowa\u0107! Podszed\u0142 do mnie kt\u00f3rego\u015b razu zaprzyja\u017aniony [&hellip;]<\/p>\n","protected":false},"author":1,"featured_media":0,"comment_status":"open","ping_status":"open","sticky":false,"template":"","format":"standard","meta":{"footnotes":""},"categories":[1],"tags":[],"_links":{"self":[{"href":"https:\/\/blog.polityka.pl\/chetkowski\/wp-json\/wp\/v2\/posts\/476"}],"collection":[{"href":"https:\/\/blog.polityka.pl\/chetkowski\/wp-json\/wp\/v2\/posts"}],"about":[{"href":"https:\/\/blog.polityka.pl\/chetkowski\/wp-json\/wp\/v2\/types\/post"}],"author":[{"embeddable":true,"href":"https:\/\/blog.polityka.pl\/chetkowski\/wp-json\/wp\/v2\/users\/1"}],"replies":[{"embeddable":true,"href":"https:\/\/blog.polityka.pl\/chetkowski\/wp-json\/wp\/v2\/comments?post=476"}],"version-history":[{"count":0,"href":"https:\/\/blog.polityka.pl\/chetkowski\/wp-json\/wp\/v2\/posts\/476\/revisions"}],"wp:attachment":[{"href":"https:\/\/blog.polityka.pl\/chetkowski\/wp-json\/wp\/v2\/media?parent=476"}],"wp:term":[{"taxonomy":"category","embeddable":true,"href":"https:\/\/blog.polityka.pl\/chetkowski\/wp-json\/wp\/v2\/categories?post=476"},{"taxonomy":"post_tag","embeddable":true,"href":"https:\/\/blog.polityka.pl\/chetkowski\/wp-json\/wp\/v2\/tags?post=476"}],"curies":[{"name":"wp","href":"https:\/\/api.w.org\/{rel}","templated":true}]}}