
{"id":480,"date":"2008-06-05T19:31:36","date_gmt":"2008-06-05T18:31:36","guid":{"rendered":"http:\/\/chetkowski.blog.polityka.pl\/?p=480"},"modified":"2008-06-05T19:31:36","modified_gmt":"2008-06-05T18:31:36","slug":"skromne-joby-ale-szanowane","status":"publish","type":"post","link":"https:\/\/blog.polityka.pl\/chetkowski\/2008\/06\/05\/skromne-joby-ale-szanowane\/","title":{"rendered":"Skromne &#8222;joby&#8221;, ale szanowane"},"content":{"rendered":"<p>Przed wakacjami ka\u017cdy nauczyciel goni w pi\u0119tk\u0119, poniewa\u017c musi zrobi\u0107 mn\u00f3stwo rzeczy. Zreszt\u0105 cho\u0107by nie wiem jak si\u0119 spieszy\u0142, ka\u017cdy ma tyle rzeczy do zrobienia, \u017ce wakacje rozpocznie dopiero w po\u0142owie lipca. Bo przecie\u017c ka\u017cdy musi to i tamto i do tego na czas. A czas goni. Na tablicy og\u0142osze\u0144 w pokoju nauczycielskim wci\u0105\u017c wisz\u0105 przypomnienia, \u017ce trzeba i mus. Niech si\u0119 kt\u00f3ry sp\u00f3\u017ani, b\u0119dzie afera.<\/p>\n<p>Dzi\u015b by\u0142em \u015bwiadkiem sceny, kt\u00f3ra da\u0142a mi wiele do my\u015blenia. Wszed\u0142em mianowicie do pewnej instytucji i trafi\u0142em akurat, jak sprz\u0105taczka rozmawia\u0142a ze swoj\u0105 szefow\u0105. Szefowa pr\u00f3bowa\u0142a przekona\u0107 swoj\u0105 pracownic\u0119, \u017ce musi wzi\u0105\u0107 urlop w innym terminie, a nie w lipcu. Na co sprz\u0105taczka odpowiedzia\u0142a, \u017ce ona musi tylko oddycha\u0107, je\u015b\u0107, pi\u0107 i spa\u0107, a \u017cadnej innej rzeczy wcale robi\u0107 nie musi. A urlop chce wzi\u0105\u0107 w lipcu i zdania nie zmieni. Szefowa pr\u00f3bowa\u0142a pro\u015bb\u0105 i gro\u017ab\u0105, ale skutek by\u0142 tylko taki, \u017ce si\u0119 sprz\u0105taczka zdenerwowa\u0142a i powiedzia\u0142a, \u017ce teraz jest ju\u017c po pracy, a sw\u00f3j czas prywatny mo\u017ce po\u015bwi\u0119ca\u0107 na co chce. Na pewno za\u015b nie b\u0119dzie w swoim prywatnym czasie rozmawia\u0107 z osob\u0105, kt\u00f3ra jej nie szanuje. I sko\u0144czy\u0142a rozmow\u0119.<\/p>\n<p>Pami\u0119tam, jak w latach 90. robotnicy pytali, czy jeszcze nadejdzie ich czas. W\u0142a\u015bnie teraz ten czas nadszed\u0142. By\u0142em dzi\u015b pe\u0142en podziwu dla odwagi pani sprz\u0105taczki. Daleko nauczycielom do takiej odwagi. \u015awi\u0105tek czy pi\u0105tek, jak szef ka\u017ce, nauczyciel musi. Zastanawiam si\u0119, czy nastanie kiedykolwiek dobry czas dla nauczycieli. Czy kiedykolwiek nauczyciel odwa\u017cy si\u0119 powiedzie\u0107 szefowi, \u017ce sw\u00f3j czas prywatny mo\u017ce po\u015bwi\u0119ca\u0107 na co chce? Albo \u017ce nauczyciel niczego bezsensownego robi\u0107 nie musi, a ju\u017c na pewno nie musi robi\u0107 rzeczy, kt\u00f3re nikomu s\u0105 niepotrzebne (to a propos papierkowej roboty, jak\u0105 bez opami\u0119tania zlecaj\u0105 szko\u0142om kuratoria i wydzia\u0142y edukacji). Nie musi robi\u0107 rzeczy, kt\u00f3rych nauczyciel nie musi i ju\u017c. Na razie jednak pan ka\u017ce, s\u0142uga musi. A jak si\u0119 nie podoba, to ludzie le\u017c\u0105 na p\u00f3\u0142kach.<br \/>\n\u00a0<br \/>\nDawniej m\u00f3wiono, \u017ce nauczyciel to jeden z tych nielicznych skromnych &#8222;job\u00f3w&#8221;, kt\u00f3re przynajmniej s\u0105 szanowane. Dzi\u015b mo\u017cna tak powiedzie\u0107 o sprz\u0105taczce, ale nie o nauczycielu. Niech no kto\u015b spr\u00f3buje nie szanowa\u0107 pani sprz\u0105taczki! Nauczyciela mo\u017cna nie szanowa\u0107, bo si\u0119 nie postawi, ale sprz\u0105taczk\u0119 ka\u017cdy musi.<\/p>\n","protected":false},"excerpt":{"rendered":"<p>Przed wakacjami ka\u017cdy nauczyciel goni w pi\u0119tk\u0119, poniewa\u017c musi zrobi\u0107 mn\u00f3stwo rzeczy. Zreszt\u0105 cho\u0107by nie wiem jak si\u0119 spieszy\u0142, ka\u017cdy ma tyle rzeczy do zrobienia, \u017ce wakacje rozpocznie dopiero w po\u0142owie lipca. Bo przecie\u017c ka\u017cdy musi to i tamto i do tego na czas. A czas goni. Na tablicy og\u0142osze\u0144 w pokoju nauczycielskim wci\u0105\u017c wisz\u0105 [&hellip;]<\/p>\n","protected":false},"author":1,"featured_media":0,"comment_status":"open","ping_status":"open","sticky":false,"template":"","format":"standard","meta":{"footnotes":""},"categories":[1],"tags":[],"_links":{"self":[{"href":"https:\/\/blog.polityka.pl\/chetkowski\/wp-json\/wp\/v2\/posts\/480"}],"collection":[{"href":"https:\/\/blog.polityka.pl\/chetkowski\/wp-json\/wp\/v2\/posts"}],"about":[{"href":"https:\/\/blog.polityka.pl\/chetkowski\/wp-json\/wp\/v2\/types\/post"}],"author":[{"embeddable":true,"href":"https:\/\/blog.polityka.pl\/chetkowski\/wp-json\/wp\/v2\/users\/1"}],"replies":[{"embeddable":true,"href":"https:\/\/blog.polityka.pl\/chetkowski\/wp-json\/wp\/v2\/comments?post=480"}],"version-history":[{"count":0,"href":"https:\/\/blog.polityka.pl\/chetkowski\/wp-json\/wp\/v2\/posts\/480\/revisions"}],"wp:attachment":[{"href":"https:\/\/blog.polityka.pl\/chetkowski\/wp-json\/wp\/v2\/media?parent=480"}],"wp:term":[{"taxonomy":"category","embeddable":true,"href":"https:\/\/blog.polityka.pl\/chetkowski\/wp-json\/wp\/v2\/categories?post=480"},{"taxonomy":"post_tag","embeddable":true,"href":"https:\/\/blog.polityka.pl\/chetkowski\/wp-json\/wp\/v2\/tags?post=480"}],"curies":[{"name":"wp","href":"https:\/\/api.w.org\/{rel}","templated":true}]}}