
{"id":502,"date":"2008-07-09T20:14:14","date_gmt":"2008-07-09T19:14:14","guid":{"rendered":"http:\/\/chetkowski.blog.polityka.pl\/?p=502"},"modified":"2008-07-09T20:14:14","modified_gmt":"2008-07-09T19:14:14","slug":"koniec-rekrutacji","status":"publish","type":"post","link":"https:\/\/blog.polityka.pl\/chetkowski\/2008\/07\/09\/koniec-rekrutacji\/","title":{"rendered":"Koniec rekrutacji"},"content":{"rendered":"<p>&#8211; Do jakiego liceum b\u0119dziesz chodzi\u0142? &#8211; Nie wiem, mama sk\u0142ada\u0142a papiery.<\/p>\n<p>Dzieci coraz rzadziej maj\u0105 co\u015b do powiedzenia w sprawie wyboru szko\u0142y. O wszystkim decyduj\u0105 rodzice. Kiedy prosimy uczni\u00f3w o dokonanie wyboru j\u0119zyk\u00f3w obcych i potwierdzenie tego w\u0142asnor\u0119cznym podpisem, dzieci cz\u0119sto boj\u0105 si\u0119 wybiera\u0107 i podpisywa\u0107, patrz\u0105 pytaj\u0105co na rodzic\u00f3w, czy naprawd\u0119 mog\u0105. Je\u015bli nie ma przy nich rodzic\u00f3w, staram si\u0119 nawi\u0105za\u0107 serdeczn\u0105 rozmow\u0119. Dziewczyna powiedzia\u0142a, \u017ce chcia\u0142aby si\u0119 uczy\u0107 niemieckiego, ale mama zasugerowa\u0142a jej rosyjski. Teraz nie wie, co robi\u0107. Proponuj\u0119, aby si\u0119 spokojnie zastanowi\u0142a w domu i podj\u0119\u0142a decyzj\u0119 p\u00f3\u017aniej (nara\u017cam si\u0119 kolegom, bo decyzj\u0119 w sprawie j\u0119zyk\u00f3w trzeba podejmowa\u0107 szybko). Widz\u0119, \u017ce uczennica prze\u017cywa ten wyb\u00f3r. W ko\u0144cu stawia krzy\u017cyk przy rosyjskim, bo nie chce si\u0119 nara\u017ca\u0107 mamie.<\/p>\n<p>Wyb\u00f3r szko\u0142y to wa\u017cna decyzja. Dzieci s\u0105 dzi\u015b bardzo buntownicze w sprawach drobnych. K\u0142\u00f3c\u0105 si\u0119 z rodzicami o g\u0142upoty, np. mo\u017cna je ko\u0142em \u0142ama\u0107, a nie p\u00f3jd\u0105 wyrzuci\u0107 \u015bmieci, bo nie. Mo\u017cna wyj\u015b\u0107 z siebie, a dziecko, jak nie chce, to nie za\u0142o\u017cy czapki na g\u0142ow\u0119, mimo \u017ce mr\u00f3z trzaskaj\u0105cy. Mo\u017cna prosi\u0107 i grozi\u0107, a dzieciak nie zrobi porz\u0105dku w swoim pokoju. W tysi\u0105cach drobnych spraw potomek jest niezale\u017cny, ale w tej jednej najwa\u017cniejszej okazuje si\u0119 potulny jak baranek.<\/p>\n<p>Dlaczego te uparte dzieci nie walcz\u0105 o prawo do decyzji w sprawach tak wa\u017cnych jak w\u0142asne wykszta\u0142cenie? I nie chodzi mi tylko o uczni\u00f3w liceum. Zdarza si\u0119, \u017ce i studenci s\u0105 na danym kierunku, bo tego chcieli ich rodzice. Sam prowadz\u0119 zaj\u0119cia z takimi w\u0142a\u015bnie indywiduami\u00a0&#8211; zmuszonymi przez rodzic\u00f3w do podj\u0119cia studi\u00f3w w\u0142a\u015bnie tu a tu. M\u0142odzi ludzie\u00a0&#8211; nie wszyscy, ale wi\u0119kszo\u015b\u0107\u00a0&#8211; niby maj\u0105 jak\u0105\u015b wizj\u0119 w\u0142asnej przysz\u0142o\u015bci, ale nie maj\u0105 do\u015b\u0107 si\u0142y, aby porozmawia\u0107 o tym ze swoimi rodzicami, aby powiedzie\u0107, na czym im naprawd\u0119 zale\u017cy, aby postawi\u0107 na swoim w sprawie w\u0142asnej przysz\u0142o\u015bci.<\/p>\n<p>Ile os\u00f3b przyj\u0119li\u015bmy do naszej szko\u0142y, bo tego naprawd\u0119 chcia\u0142y, a ile, bo tego chcieli rodzice na przek\u00f3r swoim dzieciom? Oka\u017ce si\u0119 po pierwszych lekcjach.<\/p>\n","protected":false},"excerpt":{"rendered":"<p>&#8211; Do jakiego liceum b\u0119dziesz chodzi\u0142? &#8211; Nie wiem, mama sk\u0142ada\u0142a papiery. Dzieci coraz rzadziej maj\u0105 co\u015b do powiedzenia w sprawie wyboru szko\u0142y. O wszystkim decyduj\u0105 rodzice. Kiedy prosimy uczni\u00f3w o dokonanie wyboru j\u0119zyk\u00f3w obcych i potwierdzenie tego w\u0142asnor\u0119cznym podpisem, dzieci cz\u0119sto boj\u0105 si\u0119 wybiera\u0107 i podpisywa\u0107, patrz\u0105 pytaj\u0105co na rodzic\u00f3w, czy naprawd\u0119 mog\u0105. Je\u015bli [&hellip;]<\/p>\n","protected":false},"author":1,"featured_media":0,"comment_status":"open","ping_status":"open","sticky":false,"template":"","format":"standard","meta":{"footnotes":""},"categories":[1],"tags":[],"_links":{"self":[{"href":"https:\/\/blog.polityka.pl\/chetkowski\/wp-json\/wp\/v2\/posts\/502"}],"collection":[{"href":"https:\/\/blog.polityka.pl\/chetkowski\/wp-json\/wp\/v2\/posts"}],"about":[{"href":"https:\/\/blog.polityka.pl\/chetkowski\/wp-json\/wp\/v2\/types\/post"}],"author":[{"embeddable":true,"href":"https:\/\/blog.polityka.pl\/chetkowski\/wp-json\/wp\/v2\/users\/1"}],"replies":[{"embeddable":true,"href":"https:\/\/blog.polityka.pl\/chetkowski\/wp-json\/wp\/v2\/comments?post=502"}],"version-history":[{"count":0,"href":"https:\/\/blog.polityka.pl\/chetkowski\/wp-json\/wp\/v2\/posts\/502\/revisions"}],"wp:attachment":[{"href":"https:\/\/blog.polityka.pl\/chetkowski\/wp-json\/wp\/v2\/media?parent=502"}],"wp:term":[{"taxonomy":"category","embeddable":true,"href":"https:\/\/blog.polityka.pl\/chetkowski\/wp-json\/wp\/v2\/categories?post=502"},{"taxonomy":"post_tag","embeddable":true,"href":"https:\/\/blog.polityka.pl\/chetkowski\/wp-json\/wp\/v2\/tags?post=502"}],"curies":[{"name":"wp","href":"https:\/\/api.w.org\/{rel}","templated":true}]}}