
{"id":513,"date":"2008-07-24T10:46:27","date_gmt":"2008-07-24T09:46:27","guid":{"rendered":"http:\/\/chetkowski.blog.polityka.pl\/?p=513"},"modified":"2008-07-24T10:46:27","modified_gmt":"2008-07-24T09:46:27","slug":"emeryci-w-natarciu","status":"publish","type":"post","link":"https:\/\/blog.polityka.pl\/chetkowski\/2008\/07\/24\/emeryci-w-natarciu\/","title":{"rendered":"Emeryci w natarciu"},"content":{"rendered":"<p>W \u0141odzi emeryci b\u0119d\u0105 patrolowa\u0107 ulice i tropi\u0107 przest\u0119pc\u00f3w. Jak co\u015b podejrzanego zobacz\u0105, to wezw\u0105 stra\u017c miejsk\u0105 albo policj\u0119. Prezydent Kropiwnicki jest za t\u0105 inicjatyw\u0105 spo\u0142eczn\u0105, wi\u0119c s\u0105 du\u017ce szanse, \u017ce emerytura i ch\u0119\u0107 szczera zrobi ze staruszka\/ staruszki\u00a0oficera s\u0142u\u017cby porz\u0105dkowej. Ja te\u017c jestem za tym pomys\u0142em, poniewa\u017c doskonale znam umiej\u0119tno\u015bci emeryt\u00f3w. Jecha\u0142em kiedy\u015b tramwajem, do kt\u00f3rego wdar\u0142 si\u0119 agresywny osi\u0142ek. Atakowa\u0142 pasa\u017cer\u00f3w, ale ludzie, w tym tak\u017ce ja, bali si\u0119 reagowa\u0107. W ko\u0144cu jaka\u015b staruszka podnios\u0142a lask\u0119 do g\u00f3ry i rzuci\u0142a si\u0119 na \u0142obuza z okrzykiem: &#8222;Ludzie, zadepczemy robaka&#8221;. I ch\u0142opak straci\u0142 ca\u0142y tupet, a na najbli\u017cszym przystanku wysiad\u0142. Emeryci s\u0105 odwa\u017cni i bardziej sk\u0142onni do zareagowania ni\u017c ludzie od nich m\u0142odsi.<\/p>\n<p>Emeryci wiele te\u017c widz\u0105, a maj\u0105 zwyczaj si\u0119ga\u0107 tam, gdzie wzrok nie si\u0119ga. Osoby nie\u017cyczliwe ludziom starszym nazywaj\u0105 takie zachowanie w\u015bcibstwem. Gdyby ka\u017cdy by\u0142 tak samo w\u015bcibski, czuliby\u015bmy si\u0119 o wiele bezpieczniej na osiedlu. Pami\u0119tam, jak przysz\u0142a do mnie s\u0105siadka, starsza osoba, aby po\u017cyczy\u0107 &#8222;Mein Kampf&#8221;. Zbarania\u0142em, gdy\u017c takiej ksi\u0105\u017cki nie mam w swoich zbiorach. A jednak s\u0105siadka si\u0119 upiera\u0142a, \u017ce mam. W ko\u0144cu pokaza\u0142a mi ksi\u0105\u017ck\u0119, kt\u00f3r\u0105 nieopatrznie po\u0142o\u017cy\u0142em na parapecie (by\u0142a to biografia Hitlera). Naprawd\u0119 trzeba mie\u0107 wzrok soko\u0142a, aby dojrze\u0107, co ludzie maj\u0105 w domu. Od razu poczu\u0142em si\u0119 bezpieczniej, gdy\u017c zrozumia\u0142em, \u017ce obserwuje mnie \u017cyczliwe oko emerytki. Oczywi\u015bcie, jak kto\u015b ma co\u015b do ukrycia, to nie \u017cyczy sobie takiego podgl\u0105dania. Mnie w og\u00f3le nie przeszkadza, \u017ce starszy cz\u0142owiek patrzy mi na r\u0119ce i zagl\u0105da w garnek (w ko\u0144cu kompotu nie gotuj\u0119).<\/p>\n<p>W ka\u017cdym razie wol\u0119 patrole z\u0142o\u017cone z \u017cyczliwych staruszk\u00f3w ni\u017c bezduszny monitoring. Uwa\u017cam, \u017ce emerytom miasto powinno p\u0142aci\u0107 za udzia\u0142 w patrolowaniu miasta. Niech sobie ludziska dorobi\u0105 do g\u0142odowych rent i emerytur, niech poczuj\u0105 si\u0119 wa\u017cni i potrzebni. Z niecierpliwo\u015bci\u0105 czekam na rozpocz\u0119cie tej akcji.\u00a0Niech w ko\u0144cu wr\u00f3c\u0105 czasy, \u017ce bez obaw mo\u017cna b\u0119dzie dziecko wys\u0142a\u0107 do piaskownicy.<\/p>\n<p>Uwa\u017cam, \u017ce wszyscy emeryci powinni wyj\u015b\u0107 na ulice i patrze\u0107, co ludzie robi\u0105\u00a0&#8211; a je\u015bli trzeba, zwraca\u0107 narodowi uwag\u0119, \u017ce tak nie wolno albo \u017ce czego\u015b robi\u0107 nie wypada. \u015awietna inicjatywa, oby tylko jakie\u015b problemy biurokratyczne nie zniszczy\u0142y tego wspania\u0142ego pomys\u0142u.<\/p>\n","protected":false},"excerpt":{"rendered":"<p>W \u0141odzi emeryci b\u0119d\u0105 patrolowa\u0107 ulice i tropi\u0107 przest\u0119pc\u00f3w. Jak co\u015b podejrzanego zobacz\u0105, to wezw\u0105 stra\u017c miejsk\u0105 albo policj\u0119. Prezydent Kropiwnicki jest za t\u0105 inicjatyw\u0105 spo\u0142eczn\u0105, wi\u0119c s\u0105 du\u017ce szanse, \u017ce emerytura i ch\u0119\u0107 szczera zrobi ze staruszka\/ staruszki\u00a0oficera s\u0142u\u017cby porz\u0105dkowej. Ja te\u017c jestem za tym pomys\u0142em, poniewa\u017c doskonale znam umiej\u0119tno\u015bci emeryt\u00f3w. Jecha\u0142em kiedy\u015b tramwajem, [&hellip;]<\/p>\n","protected":false},"author":1,"featured_media":0,"comment_status":"open","ping_status":"open","sticky":false,"template":"","format":"standard","meta":{"footnotes":""},"categories":[1],"tags":[],"_links":{"self":[{"href":"https:\/\/blog.polityka.pl\/chetkowski\/wp-json\/wp\/v2\/posts\/513"}],"collection":[{"href":"https:\/\/blog.polityka.pl\/chetkowski\/wp-json\/wp\/v2\/posts"}],"about":[{"href":"https:\/\/blog.polityka.pl\/chetkowski\/wp-json\/wp\/v2\/types\/post"}],"author":[{"embeddable":true,"href":"https:\/\/blog.polityka.pl\/chetkowski\/wp-json\/wp\/v2\/users\/1"}],"replies":[{"embeddable":true,"href":"https:\/\/blog.polityka.pl\/chetkowski\/wp-json\/wp\/v2\/comments?post=513"}],"version-history":[{"count":0,"href":"https:\/\/blog.polityka.pl\/chetkowski\/wp-json\/wp\/v2\/posts\/513\/revisions"}],"wp:attachment":[{"href":"https:\/\/blog.polityka.pl\/chetkowski\/wp-json\/wp\/v2\/media?parent=513"}],"wp:term":[{"taxonomy":"category","embeddable":true,"href":"https:\/\/blog.polityka.pl\/chetkowski\/wp-json\/wp\/v2\/categories?post=513"},{"taxonomy":"post_tag","embeddable":true,"href":"https:\/\/blog.polityka.pl\/chetkowski\/wp-json\/wp\/v2\/tags?post=513"}],"curies":[{"name":"wp","href":"https:\/\/api.w.org\/{rel}","templated":true}]}}