
{"id":573,"date":"2008-10-13T10:01:10","date_gmt":"2008-10-13T09:01:10","guid":{"rendered":"http:\/\/chetkowski.blog.polityka.pl\/?p=573"},"modified":"2008-10-13T10:01:10","modified_gmt":"2008-10-13T09:01:10","slug":"dzien-dla-kazdego","status":"publish","type":"post","link":"https:\/\/blog.polityka.pl\/chetkowski\/2008\/10\/13\/dzien-dla-kazdego\/","title":{"rendered":"Dzie\u0144 dla ka\u017cdego"},"content":{"rendered":"<p>Dzie\u0144 Nauczyciela &#8211; dzie\u0144 wolny od zaj\u0119\u0107 dydaktycznych. Pewnie zazdroszcz\u0105 nam tego \u015bwi\u0119ta uczniowie, wi\u0119c mo\u017cna by wprowadzi\u0107 Dzie\u0144 Ucznia\u00a0&#8211; dzie\u0144 wolny od kontaktu z nauczycielami. Przyda\u0142by si\u0119 te\u017c na doczepk\u0119 Dzie\u0144 Wo\u017anego, Dzie\u0144 Dyrektora Szko\u0142y i Dzie\u0144 Pedagoga. Nie zaszkodzi\u0142by te\u017c Dzie\u0144 Katechety, Dzie\u0144 Etyka i\u00a0&#8211; absolutnie konieczny\u00a0&#8211; Dzie\u0144 Wychowawcy. I wszystko wolne od zaj\u0119\u0107 dydaktycznych. Nie wolne w og\u00f3le, tylko wolne od prowadzenia lekcji. Mo\u017cna by wtedy i\u015b\u0107 do teatru, kina, muzeum albo pojecha\u0107 na wycieczk\u0119 do Krakowa czy Kazimierza nad Wis\u0142\u0105. Mo\u017cna by te\u017c zosta\u0107 w szkole i prowadzi\u0107 wolne\u00a0zaj\u0119cia tylko dla zainteresowanych. \u015awi\u0119to to podstawa szko\u0142y.<\/p>\n<p>Kultura szkolna uformowana zosta\u0142a przez liczne \u015bwi\u0119ta. Gdyby nie dni \u015bwi\u0105teczne, uczni\u00f3w i nauczycieli ogarn\u0119\u0142aby melancholia. Mnie ju\u017c bierze w swoje szpony stres, ale trzymam si\u0119, bo przecie\u017c ju\u017c jutro Dzie\u0144 Nauczyciela. W szkole czu\u0107 atmosfer\u0119 przygn\u0119bienia, ale pocieszamy si\u0119 wizj\u0105 jutrzejszego \u015bwi\u0119ta.<\/p>\n<p>\u015awi\u0119to jest dobr\u0105 okazj\u0105 do wprowadzenia zmiany. Po \u015bwi\u0119cie mo\u017cna przyj\u015b\u0107 do szko\u0142y w ca\u0142kiem nowej sk\u00f3rze. Jak si\u0119 komu\u015b nie wiedzie w nauce, powinien w dniu \u015bwi\u0105tecznym przemy\u015ble\u0107 siebie samego i przej\u015b\u0107 metamorfoz\u0119. Nie mo\u017cna sta\u0107 si\u0119 innym cz\u0142owiekiem z dnia na dzie\u0144, ale po \u015bwi\u0119cie mo\u017cna. By\u0142em nikim, ale podczas \u015bwi\u0119ta zazna\u0142em o\u015bwiecenia i wracam do szko\u0142y jako kto\u015b wyj\u0105tkowy. Takie powinni\u015bmy mie\u0107 nastawienia do dni \u015bwi\u0105tecznych.<\/p>\n<p>Dzie\u0144 Nauczyciela jest po to, aby dotrze\u0107 do ukrytych g\u0142\u0119boko w sercu warto\u015bci, kt\u00f3re spowodowa\u0142y, \u017ce zostali\u015bmy nauczycielami. Ostatnimi czasy troch\u0119 mi te warto\u015bci podgni\u0142y i lekko si\u0119 zestarza\u0142y, ale mam nadziej\u0119, \u017ce w Dniu Nauczyciela wszystko od\u017cyje i na nowo si\u0119 zazieleni. Niech \u017cyje nasza nauczycielska zielono\u015b\u0107 i niech ka\u017cdego dnia kie\u0142kuje nowymi pomys\u0142ami dla dobra uczni\u00f3w. Wszystkiego Najlepszego, Nauczyciele!<\/p>\n","protected":false},"excerpt":{"rendered":"<p>Dzie\u0144 Nauczyciela &#8211; dzie\u0144 wolny od zaj\u0119\u0107 dydaktycznych. Pewnie zazdroszcz\u0105 nam tego \u015bwi\u0119ta uczniowie, wi\u0119c mo\u017cna by wprowadzi\u0107 Dzie\u0144 Ucznia\u00a0&#8211; dzie\u0144 wolny od kontaktu z nauczycielami. Przyda\u0142by si\u0119 te\u017c na doczepk\u0119 Dzie\u0144 Wo\u017anego, Dzie\u0144 Dyrektora Szko\u0142y i Dzie\u0144 Pedagoga. Nie zaszkodzi\u0142by te\u017c Dzie\u0144 Katechety, Dzie\u0144 Etyka i\u00a0&#8211; absolutnie konieczny\u00a0&#8211; Dzie\u0144 Wychowawcy. I wszystko wolne od [&hellip;]<\/p>\n","protected":false},"author":1,"featured_media":0,"comment_status":"open","ping_status":"open","sticky":false,"template":"","format":"standard","meta":{"footnotes":""},"categories":[1],"tags":[],"_links":{"self":[{"href":"https:\/\/blog.polityka.pl\/chetkowski\/wp-json\/wp\/v2\/posts\/573"}],"collection":[{"href":"https:\/\/blog.polityka.pl\/chetkowski\/wp-json\/wp\/v2\/posts"}],"about":[{"href":"https:\/\/blog.polityka.pl\/chetkowski\/wp-json\/wp\/v2\/types\/post"}],"author":[{"embeddable":true,"href":"https:\/\/blog.polityka.pl\/chetkowski\/wp-json\/wp\/v2\/users\/1"}],"replies":[{"embeddable":true,"href":"https:\/\/blog.polityka.pl\/chetkowski\/wp-json\/wp\/v2\/comments?post=573"}],"version-history":[{"count":0,"href":"https:\/\/blog.polityka.pl\/chetkowski\/wp-json\/wp\/v2\/posts\/573\/revisions"}],"wp:attachment":[{"href":"https:\/\/blog.polityka.pl\/chetkowski\/wp-json\/wp\/v2\/media?parent=573"}],"wp:term":[{"taxonomy":"category","embeddable":true,"href":"https:\/\/blog.polityka.pl\/chetkowski\/wp-json\/wp\/v2\/categories?post=573"},{"taxonomy":"post_tag","embeddable":true,"href":"https:\/\/blog.polityka.pl\/chetkowski\/wp-json\/wp\/v2\/tags?post=573"}],"curies":[{"name":"wp","href":"https:\/\/api.w.org\/{rel}","templated":true}]}}