
{"id":574,"date":"2008-10-14T15:42:34","date_gmt":"2008-10-14T14:42:34","guid":{"rendered":"http:\/\/chetkowski.blog.polityka.pl\/?p=574"},"modified":"2008-10-14T15:42:34","modified_gmt":"2008-10-14T14:42:34","slug":"postarali-sie","status":"publish","type":"post","link":"https:\/\/blog.polityka.pl\/chetkowski\/2008\/10\/14\/postarali-sie\/","title":{"rendered":"Postarali si\u0119"},"content":{"rendered":"<p>Dzie\u0144 Nauczyciela czyni uczni\u00f3w lepszymi, podobnie jak Dzie\u0144 Kobiet czyni m\u0119\u017cczyzn lepszymi. Przyjmuj\u0119, \u017ce lepsza cz\u0119\u015b\u0107 uczni\u00f3w z\u0142o\u017cy\u0142a dzi\u015b nauczycielom \u017cyczenia, tak\u017ce lepsza cz\u0119\u015b\u0107 absolwent\u00f3w pami\u0119ta\u0142a o swoich dawnych nauczycielach. \u017byczenia zwykle si\u0119 nie spe\u0142niaj\u0105, ale mi\u0142o jest us\u0142ysze\u0107 dobre s\u0142owo od drugiego cz\u0142owieka.<\/p>\n<p>My\u015bla\u0142em, \u017ce \u017caden emerytowany nauczyciel nie przyszed\u0142 dzi\u015b do szko\u0142y, ale potem dowiedzia\u0142em si\u0119, \u017ce paru si\u0119 kr\u0119ci\u0142o, tylko nikt ich nie pozna\u0142. A ci, co poznali, akurat si\u0119 spieszyli, wi\u0119c nie zaprosili do pokoju nauczycielskiego. Musieli to by\u0107 dawni emeryci, skoro nie \u015bmieli wej\u015b\u0107 bez zaproszenia. A mo\u017ce to tylko duchy dawnych belfr\u00f3w nawiedzi\u0142y mury szko\u0142y. Dyrektor w przem\u00f3wieniu wspomnia\u0142 nawet o kilku takich, kt\u00f3rzy, je\u015bli nauczaj\u0105, to tylko w niebie. Zabrzmia\u0142y czcigodne nazwiska, zrobi\u0142o si\u0119 mi\u0142o.<\/p>\n<p>Sze\u015b\u0107dziesi\u0105te drugie pokolenie uczni\u00f3w z\u0142o\u017cy\u0142o dzi\u015b \u015blubowanie. Od\u015bpiewali\u015bmy hymn narodowy (przypominam: &#8222;z ziemi w\u0142oskiej do Polski&#8221;), potem hymn szko\u0142y (przypominam: &#8222;mocne d\u0142onie wystarcz\u0105&#8221;). Zas\u0142u\u017ceni nauczyciele otrzymali nagrody dyrektora (jedn\u0105 trzeci\u0105 oddali w ramach podatku tej hydrze nienasyconej, kt\u00f3ra jeszcze nie zgin\u0119\u0142a), niezas\u0142u\u017ceni dostali s\u0142owa pociechy, czyli uwag\u0119, \u017ce te\u017c s\u0105 zas\u0142u\u017ceni, ale zabrak\u0142o dla nich pieni\u0119dzy na nagrody. Rodzice uczni\u00f3w przes\u0142ali za po\u015brednictwem swoich dzieci \u017cyczenia rado\u015bci z uczenia ich pociech. By\u0142o naprawd\u0119 mi\u0142o.<\/p>\n<p>Minister edukacji mia\u0142a podobno co\u015b do przekazania nauczycielom, ale wybra\u0142a drog\u0119 pocztow\u0105, wi\u0119c jej list zostanie odczytany za dwa tygodnie. Nie spodziewam si\u0119 niczego mi\u0142ego.<\/p>\n","protected":false},"excerpt":{"rendered":"<p>Dzie\u0144 Nauczyciela czyni uczni\u00f3w lepszymi, podobnie jak Dzie\u0144 Kobiet czyni m\u0119\u017cczyzn lepszymi. Przyjmuj\u0119, \u017ce lepsza cz\u0119\u015b\u0107 uczni\u00f3w z\u0142o\u017cy\u0142a dzi\u015b nauczycielom \u017cyczenia, tak\u017ce lepsza cz\u0119\u015b\u0107 absolwent\u00f3w pami\u0119ta\u0142a o swoich dawnych nauczycielach. \u017byczenia zwykle si\u0119 nie spe\u0142niaj\u0105, ale mi\u0142o jest us\u0142ysze\u0107 dobre s\u0142owo od drugiego cz\u0142owieka. My\u015bla\u0142em, \u017ce \u017caden emerytowany nauczyciel nie przyszed\u0142 dzi\u015b do szko\u0142y, ale [&hellip;]<\/p>\n","protected":false},"author":1,"featured_media":0,"comment_status":"open","ping_status":"open","sticky":false,"template":"","format":"standard","meta":{"footnotes":""},"categories":[1],"tags":[],"_links":{"self":[{"href":"https:\/\/blog.polityka.pl\/chetkowski\/wp-json\/wp\/v2\/posts\/574"}],"collection":[{"href":"https:\/\/blog.polityka.pl\/chetkowski\/wp-json\/wp\/v2\/posts"}],"about":[{"href":"https:\/\/blog.polityka.pl\/chetkowski\/wp-json\/wp\/v2\/types\/post"}],"author":[{"embeddable":true,"href":"https:\/\/blog.polityka.pl\/chetkowski\/wp-json\/wp\/v2\/users\/1"}],"replies":[{"embeddable":true,"href":"https:\/\/blog.polityka.pl\/chetkowski\/wp-json\/wp\/v2\/comments?post=574"}],"version-history":[{"count":0,"href":"https:\/\/blog.polityka.pl\/chetkowski\/wp-json\/wp\/v2\/posts\/574\/revisions"}],"wp:attachment":[{"href":"https:\/\/blog.polityka.pl\/chetkowski\/wp-json\/wp\/v2\/media?parent=574"}],"wp:term":[{"taxonomy":"category","embeddable":true,"href":"https:\/\/blog.polityka.pl\/chetkowski\/wp-json\/wp\/v2\/categories?post=574"},{"taxonomy":"post_tag","embeddable":true,"href":"https:\/\/blog.polityka.pl\/chetkowski\/wp-json\/wp\/v2\/tags?post=574"}],"curies":[{"name":"wp","href":"https:\/\/api.w.org\/{rel}","templated":true}]}}