
{"id":586,"date":"2008-10-31T21:32:31","date_gmt":"2008-10-31T20:32:31","guid":{"rendered":"http:\/\/chetkowski.blog.polityka.pl\/?p=586"},"modified":"2008-10-31T21:32:31","modified_gmt":"2008-10-31T20:32:31","slug":"lato-do-odmiany","status":"publish","type":"post","link":"https:\/\/blog.polityka.pl\/chetkowski\/2008\/10\/31\/lato-do-odmiany\/","title":{"rendered":"Lato do odmiany"},"content":{"rendered":"<p>Ca\u0142a Polska uczy si\u0119 odmienia\u0107 nazwisko nowego prezesa PZPN. Umieli\u015bmy odmienia\u0107 nazwiska zako\u0144czone na &#8222;o&#8221; jedynie za czas\u00f3w Ko\u015bciuszki i Fredry. Potem zabrak\u0142o bohater\u00f3w tego typu i Polacy uznali, \u017ce wiedza o odmianie nazwisk zako\u0144czonych na &#8222;o&#8221; ju\u017c si\u0119 nie przyda. Nie pom\u00f3g\u0142 Ko\u0142odko\u00a0&#8211; sam podobno nie pozwala\u0142 pracownikom odmienia\u0107 swojego nazwiska. Nie pom\u00f3g\u0142 Ziobro\u00a0&#8211; sam odmienia\u0142 doskonale, ale ludzie mu nie wierzyli, wi\u0119c odmieniali po swojemu (Narz\u0119dnik: z kim? Z Ziobrem czy z Ziobr\u0105?). Nie pom\u00f3g\u0142 Legutko, minister edukacji\u00a0&#8211; nawet na stronie MEN podawano jego nazwisko tak, jakby by\u0142o nieodmienne. Teraz ca\u0142a nadzieja w Grzegorzu Lacie.<\/p>\n<p>Nie chc\u0119 si\u0119 wtr\u0105ca\u0107 do gramatyki j\u0119zyka polskiego, ale chyba gorzej by\u0107 nie mo\u017ce. Nazwisko ma form\u0119 jak rzeczowniki w rodzaju nijakim (np. to krzes\u0142o, to \u017cebro, to radio itd.), oznacza jednak m\u0119\u017cczyzn\u0119 (czyli jest rodzaju m\u0119skiego, np. ten Lato, ten Ziobro, ten Legutko itd.), ale odmienia si\u0119 jak rzeczowniki rodzaju \u017ce\u0144skiego. Czysty nonsens.<\/p>\n<p>A zatem trzeba odmienia\u0107 tak:<br \/>\nM. kto? Ko\u015bciuszko, Fredro, Lato.<br \/>\nD. kogo? (nie ma) Ko\u015bciuszki, Fredry, Laty.<br \/>\nC. komu? (si\u0119 przygl\u0105dam) Ko\u015bciuszce, Fredrze, Lacie.<br \/>\nB. kogo? (widz\u0119) Ko\u015bciuszk\u0119, Fredr\u0119, Lat\u0119.<br \/>\nN. z kim? (id\u0119) z Ko\u015bciuszk\u0105, Fredr\u0105, Lat\u0105.<br \/>\nMsc. O kim? (marz\u0119) o Ko\u015bciuszce, Fredrze, Lacie.<br \/>\nW. o Ko\u015bciuszko, Fredro, Lato.<\/p>\n<p>Bior\u0105c pod uwag\u0119 dobro j\u0119zyka polskiego, lepiej, \u017ce na prezesa PZPN wybrano Lat\u0119, a nie Bo\u0144ka. Lato do odmiany nadaje si\u0119 idealnie. B\u0119dzie okazja nauczy\u0107 ca\u0142\u0105 Polsk\u0119 wiedzy o odmianie nazwisk ko\u0144cz\u0105cych si\u0119 na &#8222;o&#8221;.<\/p>\n<p>Na temat dobra polskiej pi\u0142ki no\u017cnej si\u0119 nie wypowiadam.<\/p>\n<p>\u00a0<\/p>\n","protected":false},"excerpt":{"rendered":"<p>Ca\u0142a Polska uczy si\u0119 odmienia\u0107 nazwisko nowego prezesa PZPN. Umieli\u015bmy odmienia\u0107 nazwiska zako\u0144czone na &#8222;o&#8221; jedynie za czas\u00f3w Ko\u015bciuszki i Fredry. Potem zabrak\u0142o bohater\u00f3w tego typu i Polacy uznali, \u017ce wiedza o odmianie nazwisk zako\u0144czonych na &#8222;o&#8221; ju\u017c si\u0119 nie przyda. Nie pom\u00f3g\u0142 Ko\u0142odko\u00a0&#8211; sam podobno nie pozwala\u0142 pracownikom odmienia\u0107 swojego nazwiska. Nie pom\u00f3g\u0142 Ziobro\u00a0&#8211; [&hellip;]<\/p>\n","protected":false},"author":1,"featured_media":0,"comment_status":"open","ping_status":"open","sticky":false,"template":"","format":"standard","meta":{"footnotes":""},"categories":[1],"tags":[],"_links":{"self":[{"href":"https:\/\/blog.polityka.pl\/chetkowski\/wp-json\/wp\/v2\/posts\/586"}],"collection":[{"href":"https:\/\/blog.polityka.pl\/chetkowski\/wp-json\/wp\/v2\/posts"}],"about":[{"href":"https:\/\/blog.polityka.pl\/chetkowski\/wp-json\/wp\/v2\/types\/post"}],"author":[{"embeddable":true,"href":"https:\/\/blog.polityka.pl\/chetkowski\/wp-json\/wp\/v2\/users\/1"}],"replies":[{"embeddable":true,"href":"https:\/\/blog.polityka.pl\/chetkowski\/wp-json\/wp\/v2\/comments?post=586"}],"version-history":[{"count":0,"href":"https:\/\/blog.polityka.pl\/chetkowski\/wp-json\/wp\/v2\/posts\/586\/revisions"}],"wp:attachment":[{"href":"https:\/\/blog.polityka.pl\/chetkowski\/wp-json\/wp\/v2\/media?parent=586"}],"wp:term":[{"taxonomy":"category","embeddable":true,"href":"https:\/\/blog.polityka.pl\/chetkowski\/wp-json\/wp\/v2\/categories?post=586"},{"taxonomy":"post_tag","embeddable":true,"href":"https:\/\/blog.polityka.pl\/chetkowski\/wp-json\/wp\/v2\/tags?post=586"}],"curies":[{"name":"wp","href":"https:\/\/api.w.org\/{rel}","templated":true}]}}