
{"id":587,"date":"2008-11-04T13:33:23","date_gmt":"2008-11-04T12:33:23","guid":{"rendered":"http:\/\/chetkowski.blog.polityka.pl\/?p=587"},"modified":"2008-11-04T13:33:23","modified_gmt":"2008-11-04T12:33:23","slug":"zastepstwa-bez-odpowiedzialnosci","status":"publish","type":"post","link":"https:\/\/blog.polityka.pl\/chetkowski\/2008\/11\/04\/zastepstwa-bez-odpowiedzialnosci\/","title":{"rendered":"Zast\u0119pstwa bez odpowiedzialno\u015bci"},"content":{"rendered":"<p>Nauczyciele potrafi\u0105 by\u0107 na zwolnieniu miesi\u0105c lub dwa, a czasem d\u0142u\u017cej. Sam kilka lat temu, po wypadku samochodowym, nie przychodzi\u0142em do pracy przez wiele tygodni. Tak\u017ce p\u00f3\u017aniej zdarzy\u0142o mi si\u0119 chorowa\u0107 ponad miesi\u0105c. Uczniowie na pocz\u0105tku ciesz\u0105 si\u0119 z nieobecno\u015bci nauczyciela, ale p\u00f3\u017aniej, gdy nie ma go do\u015b\u0107 d\u0142ugo, przychodzi refleksja: a co z matur\u0105?<\/p>\n<p>W wielu szko\u0142ach jest podobnie. Nauczyciele s\u0105 nieobecni, uczni\u00f3w zwalnia si\u0119 do domu albo organizuje im zast\u0119pstwa. Co do zast\u0119pstw, to zwykle s\u0105 to niby lekcje (uczniowie lekcewa\u017c\u0105 obcego nauczyciela, a on nie czuje odpowiedzialno\u015bci za ich wyniki; cz\u0119sto te\u017c zamiast j\u0119zyka polskiego uczniowie maj\u0105 np. biologi\u0119, a za matematyk\u0119 &#8211; wiedz\u0119 o spo\u0142ecze\u0144stwie). Je\u015bli nauczyciela nie ma d\u0142u\u017cej, to pojawiaj\u0105 si\u0119 tajemnicze telefony do dyrekcji, donosy do kuratorium i modlitwy do Pana Boga. Donosz\u0105 i skar\u017c\u0105 zar\u00f3wno uczniowie, jak i rodzice. Gdyby skargi, donosy i telefony leczy\u0142y, wszyscy nauczyciele byliby zdrowi. Niestety, to nie dzia\u0142a.<\/p>\n<p>Rozumiem l\u0119ki rodzic\u00f3w i uczni\u00f3w. D\u0142ugotrwa\u0142a nieobecno\u015b\u0107 nauczyciela powoduje, \u017ce program jest nierealizowany albo te\u017c realizowany po \u0142ebkach. Na maturze wyjdzie szyd\u0142o z worka. Jak rozwi\u0105za\u0107 ten problem?<\/p>\n<p>Wielu nauczycieli nie ma pracy. Sporo kole\u017canek i koleg\u00f3w dzwoni do mnie i pyta, czy w jakiej\u015b szkole nie ma wolnych godzin. Prawd\u0119 m\u00f3wi\u0105c, w ka\u017cdej szkole jest mn\u00f3stwo godzin do zagospodarowania. Mog\u0119 poda\u0107 szko\u0142y, w kt\u00f3rych uczniowie od tygodni nie widzieli polonisty, matematyka, historyka itd. A jednak poza zorganizowaniem im tzw. niby zast\u0119pstw nic si\u0119 nie robi. Dlaczego?<\/p>\n<p>Zast\u0119pstwa bez odpowiedzialno\u015bci to \u017cadne zast\u0119pstwa. Dlaczego nie zatrudni si\u0119 nauczycieli, kt\u00f3rzy s\u0105 bezrobotni? Dlaczego tymczasowo nie zatrudnia si\u0119 nauczyciela, kt\u00f3ry by\u0142by odpowiedzialny za wyniki, jakie osi\u0105gaj\u0105 uczniowie na jego lekcjach? Przecie\u017c \u015brodki na wynagrodzenia s\u0105. W ka\u017cdej nieomal szkole realizowane s\u0105 obecnie projekty finansowane ze \u015brodk\u00f3w unijnych. Dlaczego w ramach tych projekt\u00f3w nie zatrudni\u0107 bezrobotnych nauczycieli?<\/p>\n","protected":false},"excerpt":{"rendered":"<p>Nauczyciele potrafi\u0105 by\u0107 na zwolnieniu miesi\u0105c lub dwa, a czasem d\u0142u\u017cej. Sam kilka lat temu, po wypadku samochodowym, nie przychodzi\u0142em do pracy przez wiele tygodni. Tak\u017ce p\u00f3\u017aniej zdarzy\u0142o mi si\u0119 chorowa\u0107 ponad miesi\u0105c. Uczniowie na pocz\u0105tku ciesz\u0105 si\u0119 z nieobecno\u015bci nauczyciela, ale p\u00f3\u017aniej, gdy nie ma go do\u015b\u0107 d\u0142ugo, przychodzi refleksja: a co z matur\u0105? [&hellip;]<\/p>\n","protected":false},"author":1,"featured_media":0,"comment_status":"open","ping_status":"open","sticky":false,"template":"","format":"standard","meta":{"footnotes":""},"categories":[1],"tags":[],"_links":{"self":[{"href":"https:\/\/blog.polityka.pl\/chetkowski\/wp-json\/wp\/v2\/posts\/587"}],"collection":[{"href":"https:\/\/blog.polityka.pl\/chetkowski\/wp-json\/wp\/v2\/posts"}],"about":[{"href":"https:\/\/blog.polityka.pl\/chetkowski\/wp-json\/wp\/v2\/types\/post"}],"author":[{"embeddable":true,"href":"https:\/\/blog.polityka.pl\/chetkowski\/wp-json\/wp\/v2\/users\/1"}],"replies":[{"embeddable":true,"href":"https:\/\/blog.polityka.pl\/chetkowski\/wp-json\/wp\/v2\/comments?post=587"}],"version-history":[{"count":0,"href":"https:\/\/blog.polityka.pl\/chetkowski\/wp-json\/wp\/v2\/posts\/587\/revisions"}],"wp:attachment":[{"href":"https:\/\/blog.polityka.pl\/chetkowski\/wp-json\/wp\/v2\/media?parent=587"}],"wp:term":[{"taxonomy":"category","embeddable":true,"href":"https:\/\/blog.polityka.pl\/chetkowski\/wp-json\/wp\/v2\/categories?post=587"},{"taxonomy":"post_tag","embeddable":true,"href":"https:\/\/blog.polityka.pl\/chetkowski\/wp-json\/wp\/v2\/tags?post=587"}],"curies":[{"name":"wp","href":"https:\/\/api.w.org\/{rel}","templated":true}]}}