
{"id":592,"date":"2008-11-10T21:27:57","date_gmt":"2008-11-10T20:27:57","guid":{"rendered":"http:\/\/chetkowski.blog.polityka.pl\/?p=592"},"modified":"2008-11-10T21:27:57","modified_gmt":"2008-11-10T20:27:57","slug":"niechec-do-swieta","status":"publish","type":"post","link":"https:\/\/blog.polityka.pl\/chetkowski\/2008\/11\/10\/niechec-do-swieta\/","title":{"rendered":"Niech\u0119\u0107 do \u015bwi\u0119ta"},"content":{"rendered":"<p>Jestem patriot\u0105, ale czuj\u0119 niech\u0119\u0107 do \u015bwi\u0105t patriotycznych, kt\u00f3re na si\u0142\u0119 wype\u0142nia si\u0119 akademiami ku czci. Mo\u017ce wi\u0119c nie jestem patriot\u0105?<\/p>\n<p>Do patriotyzmu powinna uczni\u00f3w inspirowa\u0107 szko\u0142a. Zwykle ten ci\u0119\u017car spada na polonist\u00f3w b\u0105d\u017a historyk\u00f3w, tak jakby patriotyzm by\u0142 obowi\u0105zkiem tylko wybranej grupy nauczycieli, a nie wszystkich. Dlaczego nauczyciel wychowania fizycznego nie mo\u017ce zorganizowa\u0107 uroczysto\u015bci patriotycznej, tylko musi to robi\u0107 polonista lub historyk? Nie zna si\u0119? Czy mo\u017cna si\u0119 nie zna\u0107 na patriotyzmie? Czy mo\u017cna nie umie\u0107 organizowa\u0107 szkolnych uroczysto\u015bci, je\u015bli ma si\u0119 wykszta\u0142cenie pedagogiczne? W szkole ka\u017cdy nauczyciel mo\u017ce i powinien uczy\u0107 patriotyzmu, a nie tylko wybra\u0144cy. Nie nale\u017cy przypisywa\u0107 patriotyzmu do historii i j\u0119zyka polskiego.<\/p>\n<p>Jak w takim razie powinni\u015bmy uczci\u0107 jak\u0105\u015b wa\u017cn\u0105 rocznic\u0119, np. odzyskania niepodleg\u0142o\u015bci? Czy akademie to dobry pomys\u0142?<\/p>\n<p>W Manufakturze, najwi\u0119kszym centrum handlowym w \u0141odzi, uczniowie pewnej szko\u0142y zach\u0119cali ludzi, aby wywieszali w dniu \u015bwi\u0105tecznym flagi pa\u0144stwowe. Flaga\u00a0&#8211; pi\u0119kna rzecz. Ale to chyba za ma\u0142o. Szko\u0142a powinna wymy\u015bli\u0107 co\u015b wi\u0119cej. Gdyby nie skojarzenie z komunizmem\u00a0&#8211; powiedzia\u0142bym, \u017ce powinni\u015bmy to \u015bwi\u0119to uczci\u0107 na sportowo. Mo\u017ce wsp\u00f3lnym meczem uczni\u00f3w i nauczycieli? A mo\u017ce kto\u015b ma pomys\u0142 na jaki\u015b inny rodzaj sportu, kt\u00f3ry by\u0142by bardziej odpowiedni dla \u015bwi\u0119ta narodowego. W ka\u017cdym razie to powinien by\u0107 sport.<\/p>\n<p>Po\u0142owa ludzi\u00a0&#8211; zar\u00f3wno uczni\u00f3w, jak i nauczycieli\u00a0&#8211; jest stadem po\u0142ama\u0144c\u00f3w i kalek. M\u0142odzi i starzy pogardzaj\u0105 kultur\u0105 fizyczn\u0105, obnosz\u0105c z dum\u0105 swoje niedo\u0142\u0119stwo (ile os\u00f3b nie chodzi na lekcje wuefu\u00a0&#8211; po\u017cal si\u0119 Bo\u017ce!). Dlatego wol\u0119 \u0107wiczenia fizyczne od akademii ku czci. Wol\u0119 pompki i sk\u0142ony od sk\u0142adania kwiat\u00f3w\u00a0&#8211; chocia\u017c nic nie stoi na przeszkodzie, aby zrobi\u0107 jedno i drugie. Z rana mecz albo biegi, a po po\u0142udniu wizyta na grobach.<\/p>\n<p>Jakie dyscypliny sportowe s\u0105 dobre dla patriot\u00f3w? Mnie si\u0119 podoba jazda na rowerze, koszyk\u00f3wka, pi\u0142ka no\u017cna i bieg d\u0142ugodystansowy. Zobaczymy, na co jutro pogoda pozwoli.<\/p>\n<p>\u00a0<\/p>\n","protected":false},"excerpt":{"rendered":"<p>Jestem patriot\u0105, ale czuj\u0119 niech\u0119\u0107 do \u015bwi\u0105t patriotycznych, kt\u00f3re na si\u0142\u0119 wype\u0142nia si\u0119 akademiami ku czci. Mo\u017ce wi\u0119c nie jestem patriot\u0105? Do patriotyzmu powinna uczni\u00f3w inspirowa\u0107 szko\u0142a. Zwykle ten ci\u0119\u017car spada na polonist\u00f3w b\u0105d\u017a historyk\u00f3w, tak jakby patriotyzm by\u0142 obowi\u0105zkiem tylko wybranej grupy nauczycieli, a nie wszystkich. Dlaczego nauczyciel wychowania fizycznego nie mo\u017ce zorganizowa\u0107 uroczysto\u015bci [&hellip;]<\/p>\n","protected":false},"author":1,"featured_media":0,"comment_status":"open","ping_status":"open","sticky":false,"template":"","format":"standard","meta":{"footnotes":""},"categories":[1],"tags":[],"_links":{"self":[{"href":"https:\/\/blog.polityka.pl\/chetkowski\/wp-json\/wp\/v2\/posts\/592"}],"collection":[{"href":"https:\/\/blog.polityka.pl\/chetkowski\/wp-json\/wp\/v2\/posts"}],"about":[{"href":"https:\/\/blog.polityka.pl\/chetkowski\/wp-json\/wp\/v2\/types\/post"}],"author":[{"embeddable":true,"href":"https:\/\/blog.polityka.pl\/chetkowski\/wp-json\/wp\/v2\/users\/1"}],"replies":[{"embeddable":true,"href":"https:\/\/blog.polityka.pl\/chetkowski\/wp-json\/wp\/v2\/comments?post=592"}],"version-history":[{"count":0,"href":"https:\/\/blog.polityka.pl\/chetkowski\/wp-json\/wp\/v2\/posts\/592\/revisions"}],"wp:attachment":[{"href":"https:\/\/blog.polityka.pl\/chetkowski\/wp-json\/wp\/v2\/media?parent=592"}],"wp:term":[{"taxonomy":"category","embeddable":true,"href":"https:\/\/blog.polityka.pl\/chetkowski\/wp-json\/wp\/v2\/categories?post=592"},{"taxonomy":"post_tag","embeddable":true,"href":"https:\/\/blog.polityka.pl\/chetkowski\/wp-json\/wp\/v2\/tags?post=592"}],"curies":[{"name":"wp","href":"https:\/\/api.w.org\/{rel}","templated":true}]}}