
{"id":596,"date":"2008-11-15T22:20:07","date_gmt":"2008-11-15T21:20:07","guid":{"rendered":"http:\/\/chetkowski.blog.polityka.pl\/?p=596"},"modified":"2008-11-15T22:20:07","modified_gmt":"2008-11-15T21:20:07","slug":"bond-dla-uczniow","status":"publish","type":"post","link":"https:\/\/blog.polityka.pl\/chetkowski\/2008\/11\/15\/bond-dla-uczniow\/","title":{"rendered":"Bond dla uczni\u00f3w"},"content":{"rendered":"<p>Nauczyciele przyprowadzaj\u0105 uczni\u00f3w na &#8222;Quantum of Solace&#8221;, najnowszy film o 007. Dzi\u015b w \u0142\u00f3dzkich kinach byli zar\u00f3wno gimnazjali\u015bci, jak i liceali\u015bci. Niekt\u00f3re szko\u0142y odrabia\u0142y (np. 2 stycznia), a w sobot\u0119 nauka nie idzie, wi\u0119c najlepiej wybra\u0107 si\u0119 do kina. Tylko dlaczego na Bonda?<\/p>\n<p>Jestem wielbicielem zar\u00f3wno prozy Iana Fleminga, jak i film\u00f3w o Jamesie Bondzie. &#8222;Quantum of Solace&#8221; widzia\u0142em, dlatego swojemu dziecku nie polecam. Ma trzy lata, wi\u0119c troch\u0119 za ma\u0142o. To film raczej dla&#8230; no w\u0142a\u015bnie. Ile trzeba mie\u0107 lat, aby ogl\u0105danie filmu o zabijaniu nie szkodzi\u0142o?<\/p>\n<p>Ja i pozostali nauczyciele mojej szko\u0142y okazali\u015bmy si\u0119 strasznymi zgredami, poniewa\u017c zaprowadzili\u015bmy uczni\u00f3w na &#8222;Ziemi\u0119 obiecan\u0105&#8221; Wajdy. Niekt\u00f3rzy uczniowie nigdy nam tego nie wybacz\u0105. Niech jednak robi\u0105, co chc\u0105, gniewaj\u0105 si\u0119 cho\u0107by do \u015bmierci, a jednak na Bonda ich nie zaprowadzimy. Tylko na klasyk\u0119 albo wcale.<\/p>\n<p>Nie chc\u0119 si\u0119 zarzeka\u0107, bo by\u0107 mo\u017ce jestem ostatnim Mohikaninem. Kto wie, czy za chwil\u0119 prowadzenie uczni\u00f3w na Bonda nie b\u0119dzie nale\u017ca\u0142o do obowi\u0105zk\u00f3w nauczycieli. Mo\u017ce nauczyciele z innych szk\u00f3\u0142 zrobili to, co i tak jest nieuniknione.<\/p>\n<p>Najpierw si\u0119 zdenerwowa\u0142em, poniewa\u017c uwa\u017cam, \u017ce ogl\u0105danie filmu o zabijaniu w ramach lekcji szkolnych\u00a0jest niepedagogiczne, a potem przemy\u015bla\u0142em spraw\u0119 i stwierdzi\u0142em, \u017ce koledzy maj\u0105 racj\u0119. Przecie\u017c najnowszy Bond mo\u017ce si\u0119 podoba\u0107 tylko gimnazjalistom i to nie wszystkim, tylko tym mniej wyrafinowanym. Szko\u0142y zwykle ratowa\u0142y najgorsze knoty filmowe i teatralne, w\u0142a\u015bnie zapewniaj\u0105c widowni\u0119. Wi\u0119c jak\u00a0producent b\u0119dzie si\u0119 chwali\u0142, ile to najnowszy Bond przyci\u0105gn\u0105\u0142 widz\u00f3w do kin, to niech nie zapomni odj\u0105\u0107 widz\u00f3w przyprowadzonych przez nauczycieli. Bez uczni\u00f3w &#8222;Quantum of Solace&#8221; to kompletna klapa. Par\u0119 efekt\u00f3w dla dzieciak\u00f3w i tyle.<\/p>\n","protected":false},"excerpt":{"rendered":"<p>Nauczyciele przyprowadzaj\u0105 uczni\u00f3w na &#8222;Quantum of Solace&#8221;, najnowszy film o 007. Dzi\u015b w \u0142\u00f3dzkich kinach byli zar\u00f3wno gimnazjali\u015bci, jak i liceali\u015bci. Niekt\u00f3re szko\u0142y odrabia\u0142y (np. 2 stycznia), a w sobot\u0119 nauka nie idzie, wi\u0119c najlepiej wybra\u0107 si\u0119 do kina. Tylko dlaczego na Bonda? Jestem wielbicielem zar\u00f3wno prozy Iana Fleminga, jak i film\u00f3w o Jamesie Bondzie. [&hellip;]<\/p>\n","protected":false},"author":1,"featured_media":0,"comment_status":"open","ping_status":"open","sticky":false,"template":"","format":"standard","meta":{"footnotes":""},"categories":[1],"tags":[],"_links":{"self":[{"href":"https:\/\/blog.polityka.pl\/chetkowski\/wp-json\/wp\/v2\/posts\/596"}],"collection":[{"href":"https:\/\/blog.polityka.pl\/chetkowski\/wp-json\/wp\/v2\/posts"}],"about":[{"href":"https:\/\/blog.polityka.pl\/chetkowski\/wp-json\/wp\/v2\/types\/post"}],"author":[{"embeddable":true,"href":"https:\/\/blog.polityka.pl\/chetkowski\/wp-json\/wp\/v2\/users\/1"}],"replies":[{"embeddable":true,"href":"https:\/\/blog.polityka.pl\/chetkowski\/wp-json\/wp\/v2\/comments?post=596"}],"version-history":[{"count":0,"href":"https:\/\/blog.polityka.pl\/chetkowski\/wp-json\/wp\/v2\/posts\/596\/revisions"}],"wp:attachment":[{"href":"https:\/\/blog.polityka.pl\/chetkowski\/wp-json\/wp\/v2\/media?parent=596"}],"wp:term":[{"taxonomy":"category","embeddable":true,"href":"https:\/\/blog.polityka.pl\/chetkowski\/wp-json\/wp\/v2\/categories?post=596"},{"taxonomy":"post_tag","embeddable":true,"href":"https:\/\/blog.polityka.pl\/chetkowski\/wp-json\/wp\/v2\/tags?post=596"}],"curies":[{"name":"wp","href":"https:\/\/api.w.org\/{rel}","templated":true}]}}