
{"id":597,"date":"2008-11-18T16:06:37","date_gmt":"2008-11-18T15:06:37","guid":{"rendered":"http:\/\/chetkowski.blog.polityka.pl\/?p=597"},"modified":"2008-11-18T16:06:37","modified_gmt":"2008-11-18T15:06:37","slug":"autorytet-na-policji","status":"publish","type":"post","link":"https:\/\/blog.polityka.pl\/chetkowski\/2008\/11\/18\/autorytet-na-policji\/","title":{"rendered":"Autorytet na policji"},"content":{"rendered":"<p>Nauczycielka powiadomi\u0142a policj\u0119, \u017ce ucze\u0144 zwymy\u015bla\u0142 j\u0105 wulgarnymi s\u0142owami. Sprawa trafi\u0142a do s\u0105du. Ch\u0142opcu grozi doz\u00f3r kuratora albo inna kara. Ojciec staje na g\u0142owie, aby dowie\u015b\u0107, \u017ce syn niczego z\u0142ego nie zrobi\u0142 (wi\u0119cej o sprawie <a href=\"http:\/\/wyborcza.pl\/1,76842,5958624,Proces_za_wyzywanie_nauczycielki.html\" target=\"_blank\">tu<\/a>).<\/p>\n<p>Pami\u0119tam, jak m\u00f3j wychowanek zwymy\u015bla\u0142 m\u0142od\u0105 nauczycielk\u0119. Nazwa\u0142 j\u0105 tak samo jak oskar\u017cony gimnazjalista z okolic Nowego Targu, czyli &#8222;ty k&#8230;&#8221; itp. Dziewczyna nie zawiadomi\u0142a policji, tylko poinformowa\u0142a mnie o zdarzeniu. Ja porozmawia\u0142em z ch\u0142opcem, ale to nic nie da\u0142o. Poprosi\u0142em ojca, ale rozmowa z ojcem nie pomog\u0142a (ojciec mia\u0142 z\u0142e zdanie o tej nauczycielce i usprawiedliwia\u0142 syna). Przypomnia\u0142o mi si\u0119, \u017ce na zebrania rodzic\u00f3w przychodzi\u0142 czasem dziadek tego ch\u0142opca. Poprosi\u0142em zatem dziadka na rozmow\u0119. Nie musia\u0142em d\u0142ugo wyja\u015bnia\u0107. Dziadek odpowiedzia\u0142, \u017ce spraw\u0119 za\u0142atwi. Nast\u0119pnego dnia ch\u0142opak przyszed\u0142 do szko\u0142y z olbrzymim bukietem r\u00f3\u017c i przeprosi\u0142 nauczycielk\u0119. Takie przeprosiny a\u017c j\u0105 zawstydzi\u0142y. Spraw\u0119 uznali\u015bmy za za\u0142atwion\u0105.<\/p>\n<p>Niepokoi mnie sytuacja, \u017ce poni\u017cony przez ucznia nauczyciel nie ma do kogo p\u00f3j\u015b\u0107, wi\u0119c wybiera od razu ostateczno\u015b\u0107, czyli policj\u0119. Nie jestem przeciwny zg\u0142aszaniu policji r\u00f3\u017cnych rzeczy, ale uwa\u017cam, \u017ce wiele spraw powinno si\u0119 za\u0142atwi\u0107 przy wsp\u00f3\u0142udziale innych nauczycieli oraz dyrekcji. Gdy nauczyciel nie daje sobie rady z problemami w pracy, nie powinien pozostawa\u0107 z nimi sam. Szko\u0142a, w kt\u00f3rej cz\u0142owiek boi si\u0119 szuka\u0107 pomocy u koleg\u00f3w oraz u dyrekcji, jest miejscem patologicznym. Je\u015bli ju\u017c kogo\u015b nale\u017ca\u0142oby w takiej sytuacji poda\u0107 do s\u0105du, to szko\u0142\u0119, w kt\u00f3rej nauczyciel nie mo\u017ce liczy\u0107 na pomoc innych pracownik\u00f3w.<\/p>\n<p>Gdyby wszystkie \u015brodki pedagogiczne zawiod\u0142y, gdyby koledzy nie byli w stanie mi pom\u00f3c, gdyby dyrekcja nie dawa\u0142a rady wesprze\u0107 moich dzia\u0142a\u0144, w ostateczno\u015bci poszed\u0142bym na policj\u0119.<\/p>\n<p>Martwi\u0105 mnie komentarze nauczycieli na forach, \u017ce &#8222;gnoja nale\u017ca\u0142o poda\u0107 do s\u0105du&#8221;. Przede wszystkim ch\u0142opca nale\u017ca\u0142o podda\u0107 pod opiek\u0119 rodzic\u00f3w. Je\u015bli za\u015b rodzice odm\u00f3wiliby wsp\u00f3\u0142pracy ze szko\u0142\u0105, a syna podburzali do\u00a0wulgarnych zachowa\u0144, to ich raczej nale\u017ca\u0142oby poda\u0107 do s\u0105du. A nauczycielowi, kt\u00f3ry jest obra\u017cany przez uczni\u00f3w i nie potrafi sobie z tym poradzi\u0107, trzeba udzieli\u0107 wszechstronnej kole\u017ce\u0144skiej pomocy.<\/p>\n<p>Interwencja policji jest dopuszczalnym \u015brodkiem pedagogicznym, ale powinna by\u0107 stosowana jak amputacja w leczeniu chorego cia\u0142a\u00a0&#8211; tylko w ostateczno\u015bci.<\/p>\n","protected":false},"excerpt":{"rendered":"<p>Nauczycielka powiadomi\u0142a policj\u0119, \u017ce ucze\u0144 zwymy\u015bla\u0142 j\u0105 wulgarnymi s\u0142owami. Sprawa trafi\u0142a do s\u0105du. Ch\u0142opcu grozi doz\u00f3r kuratora albo inna kara. Ojciec staje na g\u0142owie, aby dowie\u015b\u0107, \u017ce syn niczego z\u0142ego nie zrobi\u0142 (wi\u0119cej o sprawie tu). Pami\u0119tam, jak m\u00f3j wychowanek zwymy\u015bla\u0142 m\u0142od\u0105 nauczycielk\u0119. Nazwa\u0142 j\u0105 tak samo jak oskar\u017cony gimnazjalista z okolic Nowego Targu, czyli [&hellip;]<\/p>\n","protected":false},"author":1,"featured_media":0,"comment_status":"open","ping_status":"open","sticky":false,"template":"","format":"standard","meta":{"footnotes":""},"categories":[1],"tags":[],"_links":{"self":[{"href":"https:\/\/blog.polityka.pl\/chetkowski\/wp-json\/wp\/v2\/posts\/597"}],"collection":[{"href":"https:\/\/blog.polityka.pl\/chetkowski\/wp-json\/wp\/v2\/posts"}],"about":[{"href":"https:\/\/blog.polityka.pl\/chetkowski\/wp-json\/wp\/v2\/types\/post"}],"author":[{"embeddable":true,"href":"https:\/\/blog.polityka.pl\/chetkowski\/wp-json\/wp\/v2\/users\/1"}],"replies":[{"embeddable":true,"href":"https:\/\/blog.polityka.pl\/chetkowski\/wp-json\/wp\/v2\/comments?post=597"}],"version-history":[{"count":0,"href":"https:\/\/blog.polityka.pl\/chetkowski\/wp-json\/wp\/v2\/posts\/597\/revisions"}],"wp:attachment":[{"href":"https:\/\/blog.polityka.pl\/chetkowski\/wp-json\/wp\/v2\/media?parent=597"}],"wp:term":[{"taxonomy":"category","embeddable":true,"href":"https:\/\/blog.polityka.pl\/chetkowski\/wp-json\/wp\/v2\/categories?post=597"},{"taxonomy":"post_tag","embeddable":true,"href":"https:\/\/blog.polityka.pl\/chetkowski\/wp-json\/wp\/v2\/tags?post=597"}],"curies":[{"name":"wp","href":"https:\/\/api.w.org\/{rel}","templated":true}]}}