
{"id":600,"date":"2008-11-22T20:32:25","date_gmt":"2008-11-22T19:32:25","guid":{"rendered":"http:\/\/chetkowski.blog.polityka.pl\/?p=600"},"modified":"2008-11-22T20:32:25","modified_gmt":"2008-11-22T19:32:25","slug":"czy-jestesmy-gotowi","status":"publish","type":"post","link":"https:\/\/blog.polityka.pl\/chetkowski\/2008\/11\/22\/czy-jestesmy-gotowi\/","title":{"rendered":"Czy jeste\u015bmy gotowi?"},"content":{"rendered":"<p>Je\u015bli zwi\u0105zki zawodowe nas nie uratuj\u0105, trzeba b\u0119dzie zmieni\u0107 styl pracy. Nie mo\u017cna pracowa\u0107 w takim samym stylu, gdy ma si\u0119 do przepracowania tylko 25 lat albo a\u017c 40. Czym innym jest bieg sprintera i d\u0142ugodystansowca. Obecnie\u00a0liczni nauczyciele zachowuj\u0105 si\u0119 jak sprinterzy. Daj\u0105 z siebie wszystko w pierwszych latach pracy, wysilaj\u0105 si\u0119 ponad miar\u0119, a\u017c nagle padaj\u0105 ze zm\u0119czenia b\u0105d\u017a prze\u017cywaj\u0105 tzw. wypalenie zawodowe. Nie przewidzieli, \u017ce do pracy chodzi si\u0119 wiele lat i zdrowia musi wystarczy\u0107 a\u017c do emerytury. Bez odpowiedniego planowania \u0142atwo o wypalenie zawodowe. Nieraz widzia\u0142em, jak najwi\u0119ksi zapale\u0144cy stawali si\u0119 okropnymi wypale\u0144cami. A przecie\u017c wystarczy\u0142o si\u0119 oszcz\u0119dza\u0107.<\/p>\n<p>Bardzo bym chcia\u0142 mie\u0107 te same przywileje, co moi starsi koledzy\u00a0&#8211; czyli emerytur\u0119 w sile wieku biologicznego. Niestety, musz\u0119 te\u017c bra\u0107 pod uwag\u0119 inny los, czyli konieczno\u015b\u0107 przepracowania o wiele d\u0142u\u017cszego okresu, ni\u017c zak\u0142ada\u0142em. Swoje si\u0142y roz\u0142o\u017cy\u0142em na 25 lat aktywno\u015bci zawodowej (plus kilka lat, gdybym okaza\u0142 si\u0119 silny jak byk albo te\u017c trafi\u0142 mi si\u0119 sto\u0142ek dyrektorski na stare lata). Teraz jednak trzeba bra\u0107 pod uwag\u0119 sytuacj\u0119, \u017ce b\u0119d\u0119 musia\u0142 swoje si\u0142y witalne roz\u0142o\u017cy\u0107 na niepor\u00f3wnywalnie d\u0142u\u017cszy odcinek czasu. Nie b\u0119d\u0119 m\u00f3g\u0142 zatem tak samo pracowa\u0107. Musz\u0119 mie\u0107 struny g\u0142osowe sprawne przez 40 lat, a nie 25, tak\u017ce umys\u0142 musi by\u0107 w formie bardzo d\u0142ugo. Tak samo oczy i uszy. Musz\u0119 widzie\u0107 i s\u0142ysze\u0107 w ca\u0142ym okresie mojej pracy, inaczej uczniowie mnie zniszcz\u0105. Trudno si\u0119 bowiem spodziewa\u0107, \u017ce nowe pokolenia b\u0119d\u0105 szanowa\u0107 senior\u00f3w i ich u\u0142omno\u015bci.<\/p>\n<p>Je\u015bli przywileje emerytalne zostan\u0105 zlikwidowane, musimy natychmiast ustali\u0107\u00a0&#8211; w porozumieniu z psychologami\u00a0i lekarzami &#8211; na jakich obrotach mamy pracowa\u0107, aby zachowa\u0107 form\u0119 i dobre zdrowie do staro\u015bci. Nauczyciele, kt\u00f3rzy nie licz\u0105 si\u0119 ze swoim zdrowiem, tylko tyraj\u0105 dla dobra uczni\u00f3w, niech si\u0119 opami\u0119taj\u0105. Co b\u0119d\u0105 sob\u0105 reprezentowa\u0107 dla nast\u0119pnych pokole\u0144? Spo\u0142ecze\u0144stwo domaga si\u0119, aby\u015bmy pracowali przez p\u00f3\u0142 wieku i to w dobrej formie. Trzeba b\u0119dzie zmieni\u0107 bieg, przerzuci\u0107 czw\u00f3rk\u0119 na tr\u00f3jk\u0119 i jecha\u0107 zdecydowanie wolniej.<\/p>\n","protected":false},"excerpt":{"rendered":"<p>Je\u015bli zwi\u0105zki zawodowe nas nie uratuj\u0105, trzeba b\u0119dzie zmieni\u0107 styl pracy. Nie mo\u017cna pracowa\u0107 w takim samym stylu, gdy ma si\u0119 do przepracowania tylko 25 lat albo a\u017c 40. Czym innym jest bieg sprintera i d\u0142ugodystansowca. Obecnie\u00a0liczni nauczyciele zachowuj\u0105 si\u0119 jak sprinterzy. Daj\u0105 z siebie wszystko w pierwszych latach pracy, wysilaj\u0105 si\u0119 ponad miar\u0119, a\u017c [&hellip;]<\/p>\n","protected":false},"author":1,"featured_media":0,"comment_status":"open","ping_status":"open","sticky":false,"template":"","format":"standard","meta":{"footnotes":""},"categories":[1],"tags":[],"_links":{"self":[{"href":"https:\/\/blog.polityka.pl\/chetkowski\/wp-json\/wp\/v2\/posts\/600"}],"collection":[{"href":"https:\/\/blog.polityka.pl\/chetkowski\/wp-json\/wp\/v2\/posts"}],"about":[{"href":"https:\/\/blog.polityka.pl\/chetkowski\/wp-json\/wp\/v2\/types\/post"}],"author":[{"embeddable":true,"href":"https:\/\/blog.polityka.pl\/chetkowski\/wp-json\/wp\/v2\/users\/1"}],"replies":[{"embeddable":true,"href":"https:\/\/blog.polityka.pl\/chetkowski\/wp-json\/wp\/v2\/comments?post=600"}],"version-history":[{"count":0,"href":"https:\/\/blog.polityka.pl\/chetkowski\/wp-json\/wp\/v2\/posts\/600\/revisions"}],"wp:attachment":[{"href":"https:\/\/blog.polityka.pl\/chetkowski\/wp-json\/wp\/v2\/media?parent=600"}],"wp:term":[{"taxonomy":"category","embeddable":true,"href":"https:\/\/blog.polityka.pl\/chetkowski\/wp-json\/wp\/v2\/categories?post=600"},{"taxonomy":"post_tag","embeddable":true,"href":"https:\/\/blog.polityka.pl\/chetkowski\/wp-json\/wp\/v2\/tags?post=600"}],"curies":[{"name":"wp","href":"https:\/\/api.w.org\/{rel}","templated":true}]}}