
{"id":601,"date":"2008-11-23T21:56:50","date_gmt":"2008-11-23T20:56:50","guid":{"rendered":"http:\/\/chetkowski.blog.polityka.pl\/?p=601"},"modified":"2008-11-24T08:02:33","modified_gmt":"2008-11-24T07:02:33","slug":"dzien-nieuprzywilejowanych","status":"publish","type":"post","link":"https:\/\/blog.polityka.pl\/chetkowski\/2008\/11\/23\/dzien-nieuprzywilejowanych\/","title":{"rendered":"Dzie\u0144 Nieuprzywilejowanych"},"content":{"rendered":"<p>Nauczyciele s\u0105 w konflikcie z rz\u0105dem, ale jakim\u015b cudem wysz\u0142o, \u017ce nie z rz\u0105dem, tylko ze spo\u0142ecze\u0144stwem. Spo\u0142ecze\u0144stwo uwierzy\u0142o, \u017ce szkodz\u0105 mu interesy nauczycieli. Im lepiej b\u0119dzie nauczycielom, tym spo\u0142ecze\u0144stwu b\u0119dzie gorzej\u00a0&#8211; w to uwierzyli ju\u017c wszyscy. Ka\u017cda wygrana nauczycieli wywo\u0142uje zatem powszechne protesty spo\u0142ecze\u0144stwa. Ludzie si\u0119 mobilizuj\u0105, aby tylko w por\u0119 pod\u0142o\u017cy\u0107 nauczycielom nog\u0119. Niech belfer runie jak d\u0142ugi, a b\u0119dzie powszechna rado\u015b\u0107.<\/p>\n<p>Likwidacja przywilej\u00f3w nauczycielskich, szczeg\u00f3lnie wcze\u015bniejszych emerytur i 18-godzinnego pensum, wywo\u0142a w Polsce prawdziwe \u015bwi\u0119to rado\u015bci. Dzie\u0144 pogn\u0119bienia nauczycieli przejdzie do historii, a by\u0107 mo\u017ce zostanie nawet uznany za narodowe \u015bwi\u0119to: Dzie\u0144 Nieuprzywilejowanych. Spodziewam si\u0119, \u017ce to b\u0119dzie fajne \u015bwi\u0119to. Mo\u017cna b\u0119dzie w tym dniu pokaza\u0107 j\u0119zyk i fig\u0119 ka\u017cdemu uprzywilejowanemu. W tym dniu b\u0119d\u0105 si\u0119 liczy\u0107 tylko nieuprzywilejowani.<\/p>\n<p>Przeci\u0119tny cz\u0142owiek jest bardzo podatny na opowie\u015bci o czyhaj\u0105cych zewsz\u0105d zagro\u017ceniach. Tym razem postraszono ludzi nauczycielami, na kt\u00f3rych utrzymanie i wcze\u015bniejsze emerytury ca\u0142e spo\u0142ecze\u0144stwo podobno musi p\u0142aci\u0107 olbrzymi haracz. Teraz, gdy spada poczucie bezpiecze\u0144stwa w narodzie, gdy nadci\u0105ga straszny kryzys, gdy nadchodz\u0105 zagro\u017cenia o tak z\u0142o\u017conej naturze, \u017ce trudno je poj\u0105\u0107, nauczycielom nikt nie odpu\u015bci. Spo\u0142ecze\u0144stwo domaga si\u0119 ofiary\u00a0&#8211; tym razem trafi\u0142o na nauczycieli.<\/p>\n<p>No dobrze, polegniemy, ale co b\u0119dzie dalej? Gdy ca\u0142y kraj odta\u0144czy taniec rado\u015bci i ludzie upij\u0105 si\u0119 ze szcz\u0119\u015bcia, \u017ce przywo\u0142ali nauczycieli do porz\u0105dku, \u017ce postawili nas do pionu, potem nastanie dzie\u0144 powszedni w edukacji. Gdy na oczach ca\u0142ej Polski nauczyciele dostan\u0105 po g\u0142owie, bez policjanta naprawd\u0119 trudno b\u0119dzie poprowadzi\u0107 lekcj\u0119. Spodziewam si\u0119 potrojenia problem\u00f3w wychowawczych w szko\u0142ach. Spodziewam si\u0119, \u017ce do dobrego tonu b\u0119dzie nale\u017ca\u0142o codzienne ubli\u017canie nauczycielom. Skoro ca\u0142e spo\u0142ecze\u0144stwo ul\u017cy\u0142o sobie, kopi\u0105c nauczycieli w ty\u0142ek, to i uczniowie b\u0119d\u0105 chcieli sobie ul\u017cy\u0107. No i si\u0119 zacznie\u00a0&#8211; apokalipsa.<\/p>\n<p>Nie jestem przeciwny zmianom w edukacji. Jestem za wieloma zmianami proponowanymi przez rz\u0105d, ale nie wprowadzajmy tych zmian w \u015bwietle kamer, szybko, jakby si\u0119 pali\u0142o, tr\u0105bi\u0105c w mediach, \u017ce nauczyciele to paso\u017cyty spo\u0142eczne, wmawiaj\u0105c ludziom, \u017ce utrzymuj\u0105 ze swoich pensji nauczycielskie emerytury. Zejd\u017amy z wojennej \u015bcie\u017cki, bo wszyscy na tym tylko stracimy. Przeprowad\u017amy te zmiany w cyklu przynajmniej kilkunastu lat i bez organizowania spo\u0142ecznej nagonki na nauczycieli.<\/p>\n<p>\u00a0<\/p>\n","protected":false},"excerpt":{"rendered":"<p>Nauczyciele s\u0105 w konflikcie z rz\u0105dem, ale jakim\u015b cudem wysz\u0142o, \u017ce nie z rz\u0105dem, tylko ze spo\u0142ecze\u0144stwem. Spo\u0142ecze\u0144stwo uwierzy\u0142o, \u017ce szkodz\u0105 mu interesy nauczycieli. Im lepiej b\u0119dzie nauczycielom, tym spo\u0142ecze\u0144stwu b\u0119dzie gorzej\u00a0&#8211; w to uwierzyli ju\u017c wszyscy. Ka\u017cda wygrana nauczycieli wywo\u0142uje zatem powszechne protesty spo\u0142ecze\u0144stwa. Ludzie si\u0119 mobilizuj\u0105, aby tylko w por\u0119 pod\u0142o\u017cy\u0107 nauczycielom nog\u0119. [&hellip;]<\/p>\n","protected":false},"author":1,"featured_media":0,"comment_status":"open","ping_status":"open","sticky":false,"template":"","format":"standard","meta":{"footnotes":""},"categories":[1],"tags":[],"_links":{"self":[{"href":"https:\/\/blog.polityka.pl\/chetkowski\/wp-json\/wp\/v2\/posts\/601"}],"collection":[{"href":"https:\/\/blog.polityka.pl\/chetkowski\/wp-json\/wp\/v2\/posts"}],"about":[{"href":"https:\/\/blog.polityka.pl\/chetkowski\/wp-json\/wp\/v2\/types\/post"}],"author":[{"embeddable":true,"href":"https:\/\/blog.polityka.pl\/chetkowski\/wp-json\/wp\/v2\/users\/1"}],"replies":[{"embeddable":true,"href":"https:\/\/blog.polityka.pl\/chetkowski\/wp-json\/wp\/v2\/comments?post=601"}],"version-history":[{"count":0,"href":"https:\/\/blog.polityka.pl\/chetkowski\/wp-json\/wp\/v2\/posts\/601\/revisions"}],"wp:attachment":[{"href":"https:\/\/blog.polityka.pl\/chetkowski\/wp-json\/wp\/v2\/media?parent=601"}],"wp:term":[{"taxonomy":"category","embeddable":true,"href":"https:\/\/blog.polityka.pl\/chetkowski\/wp-json\/wp\/v2\/categories?post=601"},{"taxonomy":"post_tag","embeddable":true,"href":"https:\/\/blog.polityka.pl\/chetkowski\/wp-json\/wp\/v2\/tags?post=601"}],"curies":[{"name":"wp","href":"https:\/\/api.w.org\/{rel}","templated":true}]}}