
{"id":602,"date":"2008-11-24T19:39:18","date_gmt":"2008-11-24T18:39:18","guid":{"rendered":"http:\/\/chetkowski.blog.polityka.pl\/?p=602"},"modified":"2008-11-24T19:39:18","modified_gmt":"2008-11-24T18:39:18","slug":"cala-wstecz","status":"publish","type":"post","link":"https:\/\/blog.polityka.pl\/chetkowski\/2008\/11\/24\/cala-wstecz\/","title":{"rendered":"Ca\u0142a wstecz"},"content":{"rendered":"<p>Wycofa\u0107 si\u0119\u00a0&#8211; wielka sztuka! Nieliczni to potrafi\u0105. Rz\u0105d szuka nowych rozwi\u0105za\u0144 dla nauczycieli, a przecie\u017c wystarczy\u0142oby, \u017ceby si\u0119 wycofa\u0142 z tego, co tak bezmy\u015blnie zaproponowa\u0142. Tak\u017ce MEN powinno przede wszystkim si\u0119 wycofa\u0107 z program\u00f3w, kt\u00f3re poprzednie ekipy tak nonszalancko wprowadza\u0142y. Zamiast jednak si\u0119 wycofa\u0107, ka\u017cdy chce jecha\u0107 do przodu. B\u0119d\u0105 coraz to g\u0142upsze pomys\u0142y ograniczania Karty Nauczyciela, coraz to g\u0142upsze programy nauczania, ale nic to, najwa\u017cniejsze, \u017ce poruszamy si\u0119 do przodu, a nie wstecz.<\/p>\n<p>Co do jazdy samochodem, to sztuk\u0119 cofania si\u0119 opanowali naprawd\u0119 nieliczni kierowcy. Dzi\u015b do\u015bwiadczy\u0142em, jak trudno \u017cyje si\u0119 w kraju, w kt\u00f3rym co drugi kierowca nie umie cofa\u0107. Nawet 2 metry jazdy do ty\u0142u jest dla wielu os\u00f3b niemo\u017cliwo\u015bci\u0105, wi\u0119c ci, co umiej\u0105 si\u0119 cofa\u0107, jad\u0105 50 metr\u00f3w do ty\u0142u, aby tylko zrobi\u0107 miejsce dla tych, kt\u00f3rzy potrafi\u0105 porusza\u0107 si\u0119 wy\u0142\u0105cznie do przodu. Prze\u017cy\u0142em horror na lodzie, wi\u0119c wiem, o czym m\u00f3wi\u0119. Uwa\u017cam, \u017ce wszyscy powinni mie\u0107 obowi\u0105zkowe \u0107wiczenia w wycofywaniu si\u0119 (mam na my\u015bli g\u0142\u00f3wnie jazd\u0119 samochodem, ale nie tylko). Uczmy si\u0119 dawa\u0107 ca\u0142\u0105 wstecz, bo jazda wci\u0105\u017c do przodu grozi katastrof\u0105.<\/p>\n<p>Ca\u0142y nasz rz\u0105d pi\u0119knie jedzie do przodu. Brawo! Ten manewr ma zaliczony na pi\u0105tk\u0119 z plusem. Teraz sprawd\u017amy, jak rz\u0105d radzi sobie z jazd\u0105 do ty\u0142u. Czy potrafi wycofa\u0107 si\u0119 z pomys\u0142\u00f3w, kt\u00f3re gro\u017c\u0105 po\u015blizgiem i katastrof\u0105? O rety, czy\u017cby jazdy do ty\u0142u nie prze\u0107wiczono? Czy\u017cby spodziewano si\u0119 tylko sukces\u00f3w i pomykania wy\u0142\u0105cznie do przodu? O Bo\u017ce, w jak fatalny po\u015blizg wpad\u0142 premier Tusk, jak szkaradnie zakr\u0119ci\u0142a si\u0119 na drodze minister Hall. A nie m\u00f3wi\u0142em, \u017ce lepiej si\u0119 wycofa\u0107!<\/p>\n<p>Dop\u00f3ki nikt jeszcze nie wpad\u0142 do przepa\u015bci, zawsze mo\u017cna da\u0107 ca\u0142\u0105 wstecz. Na wstecznym biegu te\u017c si\u0119 dobrze jedzie. Naprawd\u0119 szkoda rz\u0105dowej limuzyny\u00a0&#8211; jeszcze chwila i si\u0119 roztrzaska. Co za przykry widok wyci\u0105ga\u0107 premiera z rowu. Naprawd\u0119, bieg wsteczny mo\u017ce wszystko uratowa\u0107.<\/p>\n<p>\u00a0<\/p>\n","protected":false},"excerpt":{"rendered":"<p>Wycofa\u0107 si\u0119\u00a0&#8211; wielka sztuka! Nieliczni to potrafi\u0105. Rz\u0105d szuka nowych rozwi\u0105za\u0144 dla nauczycieli, a przecie\u017c wystarczy\u0142oby, \u017ceby si\u0119 wycofa\u0142 z tego, co tak bezmy\u015blnie zaproponowa\u0142. Tak\u017ce MEN powinno przede wszystkim si\u0119 wycofa\u0107 z program\u00f3w, kt\u00f3re poprzednie ekipy tak nonszalancko wprowadza\u0142y. Zamiast jednak si\u0119 wycofa\u0107, ka\u017cdy chce jecha\u0107 do przodu. B\u0119d\u0105 coraz to g\u0142upsze pomys\u0142y ograniczania [&hellip;]<\/p>\n","protected":false},"author":1,"featured_media":0,"comment_status":"open","ping_status":"open","sticky":false,"template":"","format":"standard","meta":{"footnotes":""},"categories":[1],"tags":[],"_links":{"self":[{"href":"https:\/\/blog.polityka.pl\/chetkowski\/wp-json\/wp\/v2\/posts\/602"}],"collection":[{"href":"https:\/\/blog.polityka.pl\/chetkowski\/wp-json\/wp\/v2\/posts"}],"about":[{"href":"https:\/\/blog.polityka.pl\/chetkowski\/wp-json\/wp\/v2\/types\/post"}],"author":[{"embeddable":true,"href":"https:\/\/blog.polityka.pl\/chetkowski\/wp-json\/wp\/v2\/users\/1"}],"replies":[{"embeddable":true,"href":"https:\/\/blog.polityka.pl\/chetkowski\/wp-json\/wp\/v2\/comments?post=602"}],"version-history":[{"count":0,"href":"https:\/\/blog.polityka.pl\/chetkowski\/wp-json\/wp\/v2\/posts\/602\/revisions"}],"wp:attachment":[{"href":"https:\/\/blog.polityka.pl\/chetkowski\/wp-json\/wp\/v2\/media?parent=602"}],"wp:term":[{"taxonomy":"category","embeddable":true,"href":"https:\/\/blog.polityka.pl\/chetkowski\/wp-json\/wp\/v2\/categories?post=602"},{"taxonomy":"post_tag","embeddable":true,"href":"https:\/\/blog.polityka.pl\/chetkowski\/wp-json\/wp\/v2\/tags?post=602"}],"curies":[{"name":"wp","href":"https:\/\/api.w.org\/{rel}","templated":true}]}}