
{"id":604,"date":"2008-11-27T21:29:34","date_gmt":"2008-11-27T20:29:34","guid":{"rendered":"http:\/\/chetkowski.blog.polityka.pl\/?p=604"},"modified":"2008-11-27T21:29:34","modified_gmt":"2008-11-27T20:29:34","slug":"stado-bez-pasterza","status":"publish","type":"post","link":"https:\/\/blog.polityka.pl\/chetkowski\/2008\/11\/27\/stado-bez-pasterza\/","title":{"rendered":"Stado bez pasterza"},"content":{"rendered":"<p>Kiedy sko\u0144czy si\u0119 inercja, w jak\u0105 popadli nauczyciele? Co musi si\u0119 sta\u0107? W PRL ludzie aktywizowali si\u0119 na wie\u015b\u0107, \u017ce kogo\u015b niewinnie aresztowano. Czy teraz te\u017c dosz\u0142oby do radykalniejszych wyst\u0105pie\u0144 nauczycieli przeciwko w\u0142adzy, gdyby kto\u015b z naszego grona zosta\u0142 nies\u0142usznie oskar\u017cony, a nast\u0119pnie aresztowany?<\/p>\n<p>Zapewne trzeba ofiary, aby nauczyciele przestali czeka\u0107 na mann\u0119 z nieba. Tylko kto by\u0142by dobry? Czyja krzywda pobudzi\u0142aby nauczycieli do wielkiego, spontanicznego, masowego wyst\u0105pienia? Przyda\u0142by si\u0119 kto\u015b szlachetny jak Korczak i skuteczny jak Owsiak. Niestety, nie ma takiej osoby, kt\u00f3rej krzywda wywo\u0142a\u0142aby oburzenie wszystkich nauczycieli.<\/p>\n<p>Nie chodzi mi o szukanie ofiary na si\u0142\u0119. Zastanawiam si\u0119 tylko nad tym, dlaczego w naszym \u015brodowisku nie ma nauczycieli-autorytet\u00f3w. Gdyby\u015bmy mieli ludzi, za kt\u00f3rymi nauczyciele id\u0105 w ciemno cho\u0107by i na koniec \u015bwiata, rz\u0105d by si\u0119 z nami liczy\u0142. Bez przyw\u00f3dc\u00f3w, bez ludzi, kt\u00f3rych cenimy, szanujemy i podziwiamy, nauczyciele nic nie znacz\u0105 jako grupa. Potrzebujemy takich nauczycieli na miar\u0119 regionaln\u0105 oraz og\u00f3lnokrajow\u0105.<\/p>\n<p>Owsiak nie nasz, Korczak nie \u017cyje. Jednak nie wszystko stracone. Przecie\u017c w Polsce jest sporo nauczycieli, kt\u00f3rzy wiele dla swojego \u015brodowiska by zrobili, gdyby tylko otrzymali pot\u0119\u017cne wsparcie od nauczycieli. Niestety, znacz\u0105cych ludzi z naszego \u015brodowiska nauczyciele tak wymieszali z b\u0142otem, \u017ce ci ludzie powoli przestali odczuwa\u0107 wi\u0119\u017a z nauczycielami. Zastanawiam si\u0119 chocia\u017cby nad <a href=\"http:\/\/pl.wikipedia.org\/wiki\/W%C5%82odzimierz_Paszy%C5%84ski\" target=\"_blank\">W\u0142odzimierzem Paszy\u0144skim<\/a>, nauczycielem z krwi i ko\u015bci, obecnie wiceprezydentem Warszawy, czy ju\u017c wyby\u0142 z naszego \u015brodowiska, czy jeszcze go do nauczycieli ci\u0105gnie. Ale aby Paszy\u0144skiego do nas ci\u0105gn\u0119\u0142o, musimy go do nas wci\u0105ga\u0107.<\/p>\n<p>Je\u015bli nie W\u0142odzimierz Paszy\u0144ski, to kto? Czy jest jaki\u015b nauczyciel w Krakowie, za kt\u00f3rym poszliby wszyscy nauczyciele z Krakowa? A mo\u017ce w Szczecinie? W Lublinie? W Bia\u0142ymstoku? W P\u0142ocku? W Poznaniu? Potrzebujemy jak nigdy przyw\u00f3dcy, potrzebujemy nauczyciela, kt\u00f3rego poprzemy ca\u0142\u0105 swoj\u0105 moc\u0105.<\/p>\n<p>Zreszt\u0105 nie chodzi mi zaraz o przyw\u00f3dc\u0119, bo taki cz\u0142owiek nie spada z nieba. Musi by\u0107 odpowiedni klimat w \u015brodowisku. Najpierw nauczyciele musieliby wypowiada\u0107 si\u0119 z podziwem o r\u00f3\u017cnych nauczycielach, a potem ju\u017c by\u0142oby z g\u00f3rki. Potrzebujemy wielu nauczycieli, kt\u00f3rzy cieszyliby si\u0119 autorytetem w\u015br\u00f3d nauczycieli i za kt\u00f3rymi stan\u0119liby\u015bmy murem. Dop\u00f3ki si\u0119 ich nie dopracujemy, b\u0119dziemy guzik warci. Ka\u017cda grupa jest tyle warta, ile s\u0105 warte jej autorytety i przyw\u00f3dcy, kt\u00f3rych popiera i wspiera. Kogo wspieraj\u0105 ze wszystkich si\u0142, ca\u0142ym sercem i ca\u0142\u0105 dusz\u0105 nauczyciele? Obawiam si\u0119, \u017ce nikogo.<\/p>\n","protected":false},"excerpt":{"rendered":"<p>Kiedy sko\u0144czy si\u0119 inercja, w jak\u0105 popadli nauczyciele? Co musi si\u0119 sta\u0107? W PRL ludzie aktywizowali si\u0119 na wie\u015b\u0107, \u017ce kogo\u015b niewinnie aresztowano. Czy teraz te\u017c dosz\u0142oby do radykalniejszych wyst\u0105pie\u0144 nauczycieli przeciwko w\u0142adzy, gdyby kto\u015b z naszego grona zosta\u0142 nies\u0142usznie oskar\u017cony, a nast\u0119pnie aresztowany? Zapewne trzeba ofiary, aby nauczyciele przestali czeka\u0107 na mann\u0119 z nieba. [&hellip;]<\/p>\n","protected":false},"author":1,"featured_media":0,"comment_status":"open","ping_status":"open","sticky":false,"template":"","format":"standard","meta":{"footnotes":""},"categories":[1],"tags":[],"_links":{"self":[{"href":"https:\/\/blog.polityka.pl\/chetkowski\/wp-json\/wp\/v2\/posts\/604"}],"collection":[{"href":"https:\/\/blog.polityka.pl\/chetkowski\/wp-json\/wp\/v2\/posts"}],"about":[{"href":"https:\/\/blog.polityka.pl\/chetkowski\/wp-json\/wp\/v2\/types\/post"}],"author":[{"embeddable":true,"href":"https:\/\/blog.polityka.pl\/chetkowski\/wp-json\/wp\/v2\/users\/1"}],"replies":[{"embeddable":true,"href":"https:\/\/blog.polityka.pl\/chetkowski\/wp-json\/wp\/v2\/comments?post=604"}],"version-history":[{"count":0,"href":"https:\/\/blog.polityka.pl\/chetkowski\/wp-json\/wp\/v2\/posts\/604\/revisions"}],"wp:attachment":[{"href":"https:\/\/blog.polityka.pl\/chetkowski\/wp-json\/wp\/v2\/media?parent=604"}],"wp:term":[{"taxonomy":"category","embeddable":true,"href":"https:\/\/blog.polityka.pl\/chetkowski\/wp-json\/wp\/v2\/categories?post=604"},{"taxonomy":"post_tag","embeddable":true,"href":"https:\/\/blog.polityka.pl\/chetkowski\/wp-json\/wp\/v2\/tags?post=604"}],"curies":[{"name":"wp","href":"https:\/\/api.w.org\/{rel}","templated":true}]}}