
{"id":617,"date":"2008-12-16T22:28:30","date_gmt":"2008-12-16T21:28:30","guid":{"rendered":"http:\/\/chetkowski.blog.polityka.pl\/?p=617"},"modified":"2008-12-16T22:30:15","modified_gmt":"2008-12-16T21:30:15","slug":"czego-sie-bac","status":"publish","type":"post","link":"https:\/\/blog.polityka.pl\/chetkowski\/2008\/12\/16\/czego-sie-bac\/","title":{"rendered":"Czego si\u0119 ba\u0107?"},"content":{"rendered":"<p>Sporo szk\u00f3\u0142 zostanie zamkni\u0119tych, poniewa\u017c m\u0142odzie\u017c przesta\u0142a ba\u0107 si\u0119 poboru do wojska. Strach przed wojskiem popycha\u0142 m\u0142odych ludzi do zdobywania wykszta\u0142cenia. M\u0142odzie\u017c przesta\u0142a si\u0119 ba\u0107, a zacz\u0119li nauczyciele. B\u0119dzie mniej miejsc pracy.<\/p>\n<p>Boj\u0105 si\u0119 nauczyciele bibliotekarze, \u017ce przestan\u0105 by\u0107 w szko\u0142ach potrzebni. Skoro przedmiotowy b\u0119d\u0105 zobowi\u0105zani do dodatkowej pracy niedydaktycznej\u00a0&#8211; godzin\u0119 w liceum, dwie w podstaw\u00f3wce i gimnazjum\u00a0&#8211; to mog\u0105 zosta\u0107 zatrudnieni w bibliotece. W mojej szkole jest dw\u00f3ch nauczycieli bibliotekarzy, a teraz mo\u017ce okaza\u0107 si\u0119, \u017ce wystarczy jeden opiekun, a reszt\u0119 pracy wykonaj\u0105 rotacyjnie przedmiotowcy w ramach dodatkowej godziny.<\/p>\n<p>Boj\u0105 si\u0119 nauczyciele przedmiot\u00f3w niematuralnych, \u017ce po reformie oka\u017c\u0105 si\u0119 w szkole niepotrzebni. Mo\u017ce nie wszyscy od razu, ale powoli\u00a0&#8211; np. co kilka lat kto\u015b oka\u017ce si\u0119 zb\u0119dny; na pierwszy ogie\u0144 p\u00f3jd\u0105 nauczyciele przysposobienia obronnego.<\/p>\n<p>Boj\u0105 si\u0119 nauczyciele przedmiot\u00f3w, kt\u00f3re w obecnym systemie wyk\u0142adane s\u0105 po godzinie tygodniowo (czasem po dwie godziny), np. fizycy, chemicy, biolodzy, geografowie. Po reformie mo\u017ce by\u0107 dla nich jeszcze mniej godzin do dyspozycji.<\/p>\n<p>Boj\u0105 si\u0119 nauczyciele dyplomowani, \u017ce b\u0119d\u0105 pomijani przy podwy\u017ckach. Ich pensje zostan\u0105 zamro\u017cone. Podobne l\u0119ki dr\u0119cz\u0105 mianowanych. Natomiast sta\u017cy\u015bci i kontraktowi boj\u0105 si\u0119, \u017ce o awans b\u0119dzie coraz trudniej.<\/p>\n<p>Nauczyciele w \u015brednim wieku boj\u0105 si\u0119, \u017ce z ka\u017cdym rokiem zamiast zbli\u017ca\u0107 si\u0119 do wieku emerytalnego, oni si\u0119 oddalaj\u0105. Niekt\u00f3rzy nauczyciele boj\u0105 si\u0119, \u017ce sp\u00f3r mi\u0119dzy ZNP a Solidarno\u015bci\u0105 rz\u0105d wykorzysta przeciwko naszemu \u015brodowisku.<\/p>\n<p>Cz\u0119\u015b\u0107 nauczycieli boi si\u0119, \u017ce ich \u015bcie\u017cka i \u015bcie\u017cka m\u0142odzie\u017cy coraz bardziej si\u0119 rozchodz\u0105. Inaczej m\u00f3wi\u0105c, pedagodzy boj\u0105 si\u0119, \u017ce do szk\u00f3\u0142 b\u0119dzie przychodzi\u0107 coraz gorsza m\u0142odzie\u017c.\u00a0<\/p>\n<p>Wszystkie l\u0119ki nauczycieli mo\u017cna uj\u0105\u0107 w taki spos\u00f3b: Ca\u0142y czas staramy si\u0119 co\u015b sensownego zbudowa\u0107, ale wci\u0105\u017c przychodzi jaki\u015b popapraniec i wszystko rozwala.<\/p>\n<p>\u00a0<\/p>\n","protected":false},"excerpt":{"rendered":"<p>Sporo szk\u00f3\u0142 zostanie zamkni\u0119tych, poniewa\u017c m\u0142odzie\u017c przesta\u0142a ba\u0107 si\u0119 poboru do wojska. Strach przed wojskiem popycha\u0142 m\u0142odych ludzi do zdobywania wykszta\u0142cenia. M\u0142odzie\u017c przesta\u0142a si\u0119 ba\u0107, a zacz\u0119li nauczyciele. B\u0119dzie mniej miejsc pracy. Boj\u0105 si\u0119 nauczyciele bibliotekarze, \u017ce przestan\u0105 by\u0107 w szko\u0142ach potrzebni. Skoro przedmiotowy b\u0119d\u0105 zobowi\u0105zani do dodatkowej pracy niedydaktycznej\u00a0&#8211; godzin\u0119 w liceum, dwie w [&hellip;]<\/p>\n","protected":false},"author":1,"featured_media":0,"comment_status":"open","ping_status":"open","sticky":false,"template":"","format":"standard","meta":{"footnotes":""},"categories":[1],"tags":[],"_links":{"self":[{"href":"https:\/\/blog.polityka.pl\/chetkowski\/wp-json\/wp\/v2\/posts\/617"}],"collection":[{"href":"https:\/\/blog.polityka.pl\/chetkowski\/wp-json\/wp\/v2\/posts"}],"about":[{"href":"https:\/\/blog.polityka.pl\/chetkowski\/wp-json\/wp\/v2\/types\/post"}],"author":[{"embeddable":true,"href":"https:\/\/blog.polityka.pl\/chetkowski\/wp-json\/wp\/v2\/users\/1"}],"replies":[{"embeddable":true,"href":"https:\/\/blog.polityka.pl\/chetkowski\/wp-json\/wp\/v2\/comments?post=617"}],"version-history":[{"count":0,"href":"https:\/\/blog.polityka.pl\/chetkowski\/wp-json\/wp\/v2\/posts\/617\/revisions"}],"wp:attachment":[{"href":"https:\/\/blog.polityka.pl\/chetkowski\/wp-json\/wp\/v2\/media?parent=617"}],"wp:term":[{"taxonomy":"category","embeddable":true,"href":"https:\/\/blog.polityka.pl\/chetkowski\/wp-json\/wp\/v2\/categories?post=617"},{"taxonomy":"post_tag","embeddable":true,"href":"https:\/\/blog.polityka.pl\/chetkowski\/wp-json\/wp\/v2\/tags?post=617"}],"curies":[{"name":"wp","href":"https:\/\/api.w.org\/{rel}","templated":true}]}}