
{"id":644,"date":"2009-01-23T19:54:57","date_gmt":"2009-01-23T18:54:57","guid":{"rendered":"http:\/\/chetkowski.blog.polityka.pl\/?p=644"},"modified":"2009-01-23T23:10:06","modified_gmt":"2009-01-23T22:10:06","slug":"smierc-czlowieka","status":"publish","type":"post","link":"https:\/\/blog.polityka.pl\/chetkowski\/2009\/01\/23\/smierc-czlowieka\/","title":{"rendered":"\u015amier\u0107 cz\u0142owieka"},"content":{"rendered":"<p class=\"MsoNormal\" style=\"margin: 0cm 0cm 0pt; text-align: justify;\">\u00a0<\/p>\n<p class=\"MsoNormal\" style=\"margin: 0cm 0cm 0pt; text-align: justify;\"><span style=\"font-size: small; font-family: Times New Roman;\">Mo\u017cna sobie surowo poczyna\u0107 z cz\u0142owiekiem, dop\u00f3ki \u017cyje, ale ze zmar\u0142ym nale\u017cy post\u0119powa\u0107 szlachetnie, szczeg\u00f3lnie gdy jeszcze nie zosta\u0142 z\u0142o\u017cony do grobu. Dlatego protestuj\u0119 przeciwko nikczemnym komentarzom, jakie pojawi\u0142y si\u0119 w Internecie w zwi\u0105zku ze \u015bmierci\u0105 <a href=\"http:\/\/www.glos.pl\/news.php?action=show&amp;id=5078\" target=\"_blank\">Anny Radziwi\u0142\u0142<\/a>, by\u0142ej wiceminister edukacji. A oto dwa przyk\u0142ady:<\/span><\/p>\n<p class=\"MsoNormal\" style=\"margin: 0cm 0cm 0pt; text-align: justify;\"><span style=\"font-size: small; font-family: Times New Roman;\">\u00a0<\/span><\/p>\n<blockquote>\n<p class=\"MsoNormal\" style=\"margin: 0cm 0cm 0pt; text-align: justify;\"><span style=\"mso-bidi-font-weight: bold;\"><span style=\"font-size: small; font-family: Times New Roman;\">2009-01-23\u00a0&#8211; U\u017cytkownik belfer napisa\u0142(a):<\/span><\/span><\/p>\n<p class=\"MsoNormal\" style=\"margin: 0cm 0cm 0pt; text-align: justify;\"><span style=\"font-size: small; font-family: Times New Roman;\">zapalmy \u015bwieczk\u0119 &#8211; odszed\u0142 nast\u0119pny przeciwnik nauczycieli<\/span><\/p>\n<p class=\"MsoNormal\" style=\"margin: 0cm 0cm 0pt; text-align: justify;\"><span style=\"font-size: small; font-family: Times New Roman;\">\u00a0<\/span><\/p>\n<p class=\"MsoNormal\" style=\"margin: 0cm 0cm 0pt; text-align: justify;\"><span style=\"mso-bidi-font-weight: bold;\"><span style=\"font-size: small; font-family: Times New Roman;\">2009-01-23<span style=\"mso-spacerun: yes;\">\u00a0\u00a0&#8211;<\/span> U\u017cytkownik alberts napisa\u0142(a):<\/span><\/span><\/p>\n<p class=\"MsoNormal\" style=\"margin: 0cm 0cm 0pt; text-align: justify;\"><span style=\"font-size: small; font-family: Times New Roman;\">I to w rocznic\u0119 wprowadzenia &#8222;reformy&#8221; Handkego, w dniu g\u0142osowania &#8222;reformy&#8221; Hall &#8211; jest jaka\u015b Opatrzno\u015b\u0107 na niebie \ud83d\ude09 Nast\u0119pna w kolejce &#8211; Dzierzgowska &#8211; te\u017c chyba przed wprowadzeniem &#8222;reformy&#8221; Hall kolejna chemia tak si\u0119 sko\u0144czy. Zaiste jest B\u00f3g na niebie -ka\u017cdy wielki niszczyciel polskiej szko\u0142y doczeka zap\u0142aty!!!<\/span><\/p>\n<\/blockquote>\n<p class=\"MsoNormal\" style=\"margin: 0cm 0cm 0pt; text-align: justify;\"><span style=\"font-size: small; font-family: Times New Roman;\">\u00a0<\/span><\/p>\n<p class=\"MsoNormal\" style=\"margin: 0cm 0cm 0pt; text-align: justify;\"><span style=\"font-size: small; font-family: Times New Roman;\">Gdy przeczyta\u0142em powy\u017csze komentarze, moj\u0105 pierwsz\u0105 reakcj\u0105 by\u0142o stwierdzenie: nauczyciele si\u0119gn\u0119li dna. Potem jednak pomy\u015bla\u0142em, \u017ce w ka\u017cdym \u015brodowisku s\u0105 prymitywy, dlaczego wi\u0119c mia\u0142bym oczekiwa\u0107, \u017ce nasze \u015brodowisko b\u0119dzie od nich wolne. Aby wi\u0119c ca\u0142o\u015bci nie oceniano na podstawie cz\u0119\u015bci, powinni\u015bmy ostro zareagowa\u0107 na tego typu komentarze. Osoby, kt\u00f3re tak wypowiadaj\u0105 si\u0119 w zwi\u0105zku ze \u015bmierci\u0105 Anny Radziwi\u0142\u0142, tylko z nazwy s\u0105 nauczycielami. Gdybym us\u0142ysza\u0142 co\u015b takiego bezpo\u015brednio z ust jakiego\u015b nauczyciela, zgni\u00f3t\u0142bym go jak robaka.<\/span><\/p>\n<p class=\"MsoNormal\" style=\"margin: 0cm 0cm 0pt; text-align: justify;\"><span style=\"font-size: small; font-family: Times New Roman;\">\u00a0<\/span><\/p>\n<p class=\"MsoNormal\" style=\"margin: 0cm 0cm 0pt; text-align: justify;\"><span style=\"font-size: small; font-family: Times New Roman;\">Cz\u0142owiek mo\u017ce\u00a0sta\u0107 si\u0119 kim\u015b wi\u0119cej lub mniej ni\u017c jest, a dokonuje tego poprzez swoje zachowanie w szczeg\u00f3lnych sytuacjach. \u015amier\u0107 drugiego cz\u0142owieka powinna nas czyni\u0107 lepszymi, a nie gorszymi. Mimo \u017ce g\u0142upota i nikczemno\u015b\u0107 s\u0105 sol\u0105 \u017cycia niejednego cz\u0142owieka, w obliczu \u015bmierci bli\u017aniego ka\u017cdy powinien umie\u0107 si\u0119 powstrzyma\u0107. Z ca\u0142\u0105 stanowczo\u015bci\u0105 pot\u0119piam wszystkich, kt\u00f3rzy na cmentarzu zachowuj\u0105 si\u0119 jak w spelunie, a na pogrzebie jak na spotkaniu meneli. Jak powiedzia\u0142 jeden z pisarzy (cytuj\u0119 z pami\u0119ci): &#8222;Apollo zg\u0142adzi\u0142 Cyklopy, te potwory samouwielbienia, pr\u00f3\u017cno\u015bci, ignorancji i bezmy\u015blno\u015bci. Jest jednak monstrum, kt\u00f3rego nikt, ani B\u00f3g, ani \u015bmiertelnik nie pokona\u00a0&#8211; chamstwo&#8221;. Jest mi bardzo przykro, \u017ce chamstwo, do tego wyj\u0105tkowo haniebne, zdarza si\u0119 tak\u017ce w\u015br\u00f3d nauczycieli.<\/span><\/p>\n","protected":false},"excerpt":{"rendered":"<p>\u00a0 Mo\u017cna sobie surowo poczyna\u0107 z cz\u0142owiekiem, dop\u00f3ki \u017cyje, ale ze zmar\u0142ym nale\u017cy post\u0119powa\u0107 szlachetnie, szczeg\u00f3lnie gdy jeszcze nie zosta\u0142 z\u0142o\u017cony do grobu. Dlatego protestuj\u0119 przeciwko nikczemnym komentarzom, jakie pojawi\u0142y si\u0119 w Internecie w zwi\u0105zku ze \u015bmierci\u0105 Anny Radziwi\u0142\u0142, by\u0142ej wiceminister edukacji. A oto dwa przyk\u0142ady: \u00a0 2009-01-23\u00a0&#8211; U\u017cytkownik belfer napisa\u0142(a): zapalmy \u015bwieczk\u0119 &#8211; odszed\u0142 [&hellip;]<\/p>\n","protected":false},"author":1,"featured_media":0,"comment_status":"open","ping_status":"open","sticky":false,"template":"","format":"standard","meta":{"footnotes":""},"categories":[1],"tags":[],"_links":{"self":[{"href":"https:\/\/blog.polityka.pl\/chetkowski\/wp-json\/wp\/v2\/posts\/644"}],"collection":[{"href":"https:\/\/blog.polityka.pl\/chetkowski\/wp-json\/wp\/v2\/posts"}],"about":[{"href":"https:\/\/blog.polityka.pl\/chetkowski\/wp-json\/wp\/v2\/types\/post"}],"author":[{"embeddable":true,"href":"https:\/\/blog.polityka.pl\/chetkowski\/wp-json\/wp\/v2\/users\/1"}],"replies":[{"embeddable":true,"href":"https:\/\/blog.polityka.pl\/chetkowski\/wp-json\/wp\/v2\/comments?post=644"}],"version-history":[{"count":0,"href":"https:\/\/blog.polityka.pl\/chetkowski\/wp-json\/wp\/v2\/posts\/644\/revisions"}],"wp:attachment":[{"href":"https:\/\/blog.polityka.pl\/chetkowski\/wp-json\/wp\/v2\/media?parent=644"}],"wp:term":[{"taxonomy":"category","embeddable":true,"href":"https:\/\/blog.polityka.pl\/chetkowski\/wp-json\/wp\/v2\/categories?post=644"},{"taxonomy":"post_tag","embeddable":true,"href":"https:\/\/blog.polityka.pl\/chetkowski\/wp-json\/wp\/v2\/tags?post=644"}],"curies":[{"name":"wp","href":"https:\/\/api.w.org\/{rel}","templated":true}]}}