
{"id":656,"date":"2009-02-05T12:18:22","date_gmt":"2009-02-05T11:18:22","guid":{"rendered":"http:\/\/chetkowski.blog.polityka.pl\/?p=656"},"modified":"2009-02-05T12:23:46","modified_gmt":"2009-02-05T11:23:46","slug":"podreczniki-lekkie-jak-piorko","status":"publish","type":"post","link":"https:\/\/blog.polityka.pl\/chetkowski\/2009\/02\/05\/podreczniki-lekkie-jak-piorko\/","title":{"rendered":"Podr\u0119czniki lekkie jak pi\u00f3rko"},"content":{"rendered":"<p>Do lamusa odchodzi ci\u0119\u017cki tornister. Podr\u0119czniki nie musz\u0105 ju\u017c by\u0107 drukowane na papierze. Technika pozwala przecie\u017c na tworzenie podr\u0119cznik\u00f3w w wersji elektronicznej. Co stoi na przeszkodzie, aby uczniowie posiadali e-booki?<\/p>\n<p>Nie koszty s\u0105 najwa\u017cniejsz\u0105 przeszkod\u0105, lecz ludzka mentalno\u015b\u0107. Przyzwyczajenie jest drug\u0105 natur\u0105 cz\u0142owieka, wi\u0119c mo\u017ce nam si\u0119 wydawa\u0107, \u017ce podr\u0119czniki elektroniczne s\u0105 nienaturalne. A jednak dla dzieci nie ma nic bardziej naturalnego od czytania na ekranie. To kartka wydaje si\u0119 im nienaturalna.<\/p>\n<p>Nie rozmawiajmy o pieni\u0105dzach, dop\u00f3ki nie przezwyci\u0119\u017cymy uprzedze\u0144. O wiele wi\u0119cej bowiem kosztuje walka z uprzedzeniami ni\u017c samo urz\u0105dzenie. Prawd\u0119 m\u00f3wi\u0105c, to jest ono \u015bmiesznie tanie w por\u00f3wnaniu z zyskiem, jaki oferuje. Tyle lat rozpaczali\u015bmy z powodu ci\u0119\u017ckich tornistr\u00f3w, a teraz, gdy mo\u017cemy to zmieni\u0107, jako\u015b wcale si\u0119 nie staramy. Dzieciom o wiele bardziej potrzebny jest e-book ni\u017c notebook.<\/p>\n<p>Trudno w kryzysie bra\u0107 na siebie nowe zobowi\u0105zania, wi\u0119c nie dziwi\u0119 si\u0119, \u017ce rz\u0105d ma opory. Jednak wsp\u00f3\u0142finansuj\u0105c uczniowskie e-booki mo\u017ce zaoszcz\u0119dzi\u0107 na wydatkach, a nie je zwi\u0119kszy\u0107. Ju\u017c teraz finansuje podr\u0119czniki dla wielu uczni\u00f3w, czemu nie zamieni\u0107 tego projektu na finansowanie e-book\u00f3w? Ca\u0142y czas jest to wi\u0119c kwestia mentalno\u015bci, a nie\u00a0wi\u0119kszych koszt\u00f3w.<\/p>\n<p>E-booki stwarzaj\u0105 te\u017c dobr\u0105 okazj\u0119 do stara\u0144 o tanie podr\u0119czniki. Obecnie wydawnictwa produkuj\u0105 wiele podr\u0119cznik\u00f3w na marne (zmienia si\u0119 podstawa programowa i trzeba podr\u0119cznik pisa\u0107 na nowo), wi\u0119c straty przemia\u0142u ksi\u0105\u017cek dopisuj\u0105 do ceny nast\u0119pnego wydania. Podr\u0119czniki w wersji elektronicznej znacznie obni\u017cy\u0142yby koszty produkcji, a zatem cena te\u017c mog\u0142aby by\u0107 niska. Trzeba si\u0119 tylko do tego pomys\u0142u przekona\u0107.<\/p>\n<p>Wydawnictwa ju\u017c pracuj\u0105 nad podr\u0119cznikami w wersjach elektronicznych, jednak nie p\u00f3jd\u0105 na ca\u0142o\u015b\u0107 bez odpowiedniego zainteresowania ze strony rz\u0105du. Potrzebny jest impuls, zreszt\u0105 nie tylko od MEN, ale tak\u017ce od resortu zdrowia czy ochrony \u015brodowiska. O szczeg\u00f3\u0142ach zawsze mo\u017cna podyskutowa\u0107, je\u015bli spraw\u0119 potraktujemy powa\u017cnie. Na razie powa\u017cnie podesz\u0142o do sprawy tylko kuratorium \u015bl\u0105skie (<a href=\"http:\/\/polskalokalna.pl\/wiadomosci\/slaskie\/news\/nowatorski-pomysl-slaskiego-kuratorium,1249929\" target=\"_blank\">zob. informacj\u0119<\/a>), a powinni wzi\u0105\u0107 si\u0119 za to wszyscy\u00a0&#8211; bo to si\u0119 naprawd\u0119 op\u0142aca.<\/p>\n","protected":false},"excerpt":{"rendered":"<p>Do lamusa odchodzi ci\u0119\u017cki tornister. Podr\u0119czniki nie musz\u0105 ju\u017c by\u0107 drukowane na papierze. Technika pozwala przecie\u017c na tworzenie podr\u0119cznik\u00f3w w wersji elektronicznej. Co stoi na przeszkodzie, aby uczniowie posiadali e-booki? Nie koszty s\u0105 najwa\u017cniejsz\u0105 przeszkod\u0105, lecz ludzka mentalno\u015b\u0107. Przyzwyczajenie jest drug\u0105 natur\u0105 cz\u0142owieka, wi\u0119c mo\u017ce nam si\u0119 wydawa\u0107, \u017ce podr\u0119czniki elektroniczne s\u0105 nienaturalne. A jednak [&hellip;]<\/p>\n","protected":false},"author":1,"featured_media":0,"comment_status":"open","ping_status":"open","sticky":false,"template":"","format":"standard","meta":{"footnotes":""},"categories":[1],"tags":[],"_links":{"self":[{"href":"https:\/\/blog.polityka.pl\/chetkowski\/wp-json\/wp\/v2\/posts\/656"}],"collection":[{"href":"https:\/\/blog.polityka.pl\/chetkowski\/wp-json\/wp\/v2\/posts"}],"about":[{"href":"https:\/\/blog.polityka.pl\/chetkowski\/wp-json\/wp\/v2\/types\/post"}],"author":[{"embeddable":true,"href":"https:\/\/blog.polityka.pl\/chetkowski\/wp-json\/wp\/v2\/users\/1"}],"replies":[{"embeddable":true,"href":"https:\/\/blog.polityka.pl\/chetkowski\/wp-json\/wp\/v2\/comments?post=656"}],"version-history":[{"count":0,"href":"https:\/\/blog.polityka.pl\/chetkowski\/wp-json\/wp\/v2\/posts\/656\/revisions"}],"wp:attachment":[{"href":"https:\/\/blog.polityka.pl\/chetkowski\/wp-json\/wp\/v2\/media?parent=656"}],"wp:term":[{"taxonomy":"category","embeddable":true,"href":"https:\/\/blog.polityka.pl\/chetkowski\/wp-json\/wp\/v2\/categories?post=656"},{"taxonomy":"post_tag","embeddable":true,"href":"https:\/\/blog.polityka.pl\/chetkowski\/wp-json\/wp\/v2\/tags?post=656"}],"curies":[{"name":"wp","href":"https:\/\/api.w.org\/{rel}","templated":true}]}}