
{"id":6916,"date":"2015-02-04T09:45:31","date_gmt":"2015-02-04T08:45:31","guid":{"rendered":"http:\/\/chetkowski.blog.polityka.pl\/?p=6916"},"modified":"2015-02-04T09:45:31","modified_gmt":"2015-02-04T08:45:31","slug":"wydawnictwa-edukacyjne-upadaja","status":"publish","type":"post","link":"https:\/\/blog.polityka.pl\/chetkowski\/2015\/02\/04\/wydawnictwa-edukacyjne-upadaja\/","title":{"rendered":"Wydawnictwa edukacyjne upadaj\u0105"},"content":{"rendered":"<p>Po 25 latach dzia\u0142alno\u015bci na rynku podr\u0119cznik\u00f3w Wydawnictwo Edukacyjne \u017bak og\u0142osi\u0142o upad\u0142o\u015b\u0107. Za przyczyn\u0119 podano do\u015b\u0107 lakonicznie &#8222;zmiany ustawowe wprowadzone przez pa\u0144stwo&#8221; <!--more-->(pe\u0142ne o\u015bwiadczenie w\u0142a\u015bcicieli <a href=\"http:\/\/www.wydawnictwo-zak.pl\/index.php?option=com_content&amp;view=category&amp;layout=blog&amp;id=9&amp;Itemid=121\" target=\"_blank\">tutaj<\/a>).<\/p>\n<p>Odpowiedzialnym za upad\u0142o\u015b\u0107 jest darmowy podr\u0119cznik wprowadzony przez rz\u0105d. \u017bak jest pierwszym, ale przecie\u017c nie ostatnim upad\u0142ym z tego powodu wydawnictwem. &#8222;Gazeta Wyborcza&#8221; wieszczy, \u017ce ofiar b\u0119dzie znacznie wi\u0119cej (<a href=\"http:\/\/wyborcza.biz\/biznes\/1,100897,17352787,Podrecznik_niezgody.html\" target=\"_blank\">zob. tekst<\/a>). Na razie rynek podr\u0119cznik\u00f3w zmniejszy\u0142 si\u0119 o 10 procent, czyli 90 milion\u00f3w z\u0142, a przecie\u017c to dopiero pocz\u0105tek zmian. Gdyby darmowy podr\u0119cznik obj\u0105\u0142 ca\u0142\u0105 szko\u0142\u0119 podstawow\u0105, dla bran\u017cy wydawniczej by\u0142aby to katastrofa. Tymczasem s\u0142ycha\u0107 g\u0142osy rodzic\u00f3w, \u017ce podr\u0119czniki powinny by\u0107 darmowe a\u017c do ko\u0144ca obowi\u0105zkowej edukacji, czyli do uko\u0144czenia przez dziecko 18 lat.<\/p>\n<p>Wydawnictwa edukacyjne to przysta\u0144 ratunkowa dla nauczycieli, kt\u00f3rzy zostali zwolnieni z pracy, oraz dla tych pedagog\u00f3w, kt\u00f3rzy nigdy w szkole pracy nie znale\u017ali. Najcz\u0119\u015bciej pracuj\u0105 jako przedstawiciele handlowi. W pokoju nauczycielskim zawsze si\u0119 m\u00f3wi\u0142o, \u017ce nawet po zwolnieniu nigdy ze szko\u0142y tak naprawd\u0119 nie odejdziemy. Wr\u00f3cimy bowiem jako handlarze podr\u0119cznik\u00f3w. Ostatnio nikt ju\u017c tak nie \u017cartuje.<\/p>\n","protected":false},"excerpt":{"rendered":"<p>Po 25 latach dzia\u0142alno\u015bci na rynku podr\u0119cznik\u00f3w Wydawnictwo Edukacyjne \u017bak og\u0142osi\u0142o upad\u0142o\u015b\u0107. Za przyczyn\u0119 podano do\u015b\u0107 lakonicznie &#8222;zmiany ustawowe wprowadzone przez pa\u0144stwo&#8221;<\/p>\n","protected":false},"author":1,"featured_media":0,"comment_status":"open","ping_status":"closed","sticky":false,"template":"","format":"standard","meta":{"footnotes":""},"categories":[1],"tags":[],"_links":{"self":[{"href":"https:\/\/blog.polityka.pl\/chetkowski\/wp-json\/wp\/v2\/posts\/6916"}],"collection":[{"href":"https:\/\/blog.polityka.pl\/chetkowski\/wp-json\/wp\/v2\/posts"}],"about":[{"href":"https:\/\/blog.polityka.pl\/chetkowski\/wp-json\/wp\/v2\/types\/post"}],"author":[{"embeddable":true,"href":"https:\/\/blog.polityka.pl\/chetkowski\/wp-json\/wp\/v2\/users\/1"}],"replies":[{"embeddable":true,"href":"https:\/\/blog.polityka.pl\/chetkowski\/wp-json\/wp\/v2\/comments?post=6916"}],"version-history":[{"count":4,"href":"https:\/\/blog.polityka.pl\/chetkowski\/wp-json\/wp\/v2\/posts\/6916\/revisions"}],"predecessor-version":[{"id":6920,"href":"https:\/\/blog.polityka.pl\/chetkowski\/wp-json\/wp\/v2\/posts\/6916\/revisions\/6920"}],"wp:attachment":[{"href":"https:\/\/blog.polityka.pl\/chetkowski\/wp-json\/wp\/v2\/media?parent=6916"}],"wp:term":[{"taxonomy":"category","embeddable":true,"href":"https:\/\/blog.polityka.pl\/chetkowski\/wp-json\/wp\/v2\/categories?post=6916"},{"taxonomy":"post_tag","embeddable":true,"href":"https:\/\/blog.polityka.pl\/chetkowski\/wp-json\/wp\/v2\/tags?post=6916"}],"curies":[{"name":"wp","href":"https:\/\/api.w.org\/{rel}","templated":true}]}}