
{"id":7626,"date":"2016-01-11T19:21:57","date_gmt":"2016-01-11T18:21:57","guid":{"rendered":"http:\/\/chetkowski.blog.polityka.pl\/?p=7626"},"modified":"2016-01-11T19:21:57","modified_gmt":"2016-01-11T18:21:57","slug":"czy-nauczyciele-musza-chodzic-na-studniowki","status":"publish","type":"post","link":"https:\/\/blog.polityka.pl\/chetkowski\/2016\/01\/11\/czy-nauczyciele-musza-chodzic-na-studniowki\/","title":{"rendered":"Czy nauczyciele musz\u0105 chodzi\u0107 na studni\u00f3wki?"},"content":{"rendered":"<p>Skoro wszyscy bij\u0105 rekordy, to moja szko\u0142a te\u017c. Na tegorocznej studni\u00f3wce pojawi si\u0119 u nas tak niewielu nauczycieli, \u017ce chyba gorzej by\u0107 nie mo\u017ce. Zreszt\u0105 gdyby mog\u0142o, to pewnie by by\u0142o. Niestety, dyrekcja nie wyobra\u017ca sobie tego balu bez belfr\u00f3w. A w\u0142a\u015bciwie czemu nie? Czy nauczyciele musz\u0105 chodzi\u0107 na studni\u00f3wki?<!--more--><\/p>\n<p>W moim liceum przyj\u0105\u0142 si\u0119 zwyczaj, \u017ce musz\u0105 i\u015b\u0107 na studni\u00f3wk\u0119 wychowawcy klas maturalnych oraz dyrekcja. Reszta nauczycieli mo\u017ce, ale nie musi. Administracja i obs\u0142uga w\u0142a\u015bciwie nie chodzi. Uczniowie wr\u0119czaj\u0105 zaproszenia wszystkim pracownikom. Pami\u0119tam czasy, gdy odmawiali nieliczni, obecnie jest odwrotnie. Z ka\u017cdym rokiem zmniejsza si\u0119 liczba pracownik\u00f3w ch\u0119tnych do zabawy z uczniami.<\/p>\n<p>Ostatnio wycofali si\u0119 nawet najzagorzalsi amatorzy studni\u00f3wek. Niekt\u00f3rzy wspominaj\u0105, jak to niegdy\u015b nie opuszczali \u017cadnego uczniowskiego balu. A teraz&#8230; szkoda gada\u0107. W\u0142a\u015bciwie nie wiadomo, dlaczego nauczyciele nie chodz\u0105. Odmawiaj\u0105 bez podania powodu. Jedynym t\u0142umaczeniem jest formu\u0142a &#8222;szkoda gada\u0107&#8221;. Pami\u0119tam, \u017ce niegdy\u015b uczniowie nie przyjmowali odmowy. Je\u015bli jaki\u015b nauczyciel mia\u0142 nie przyj\u015b\u0107, chodzi\u0142y do niego tak d\u0142ugo pielgrzymki, a\u017c w ko\u0144cu si\u0119 zgodzi\u0142. Dzisiaj uczni\u00f3w niewiele obchodzi, kto przyjdzie, a kto nie. Nikt te\u017c nikogo nie namawia.<\/p>\n<p>Ja chodz\u0119 na studni\u00f3wki. Mia\u0142em wprawdzie kilkuletni\u0105 przerw\u0119, ale odk\u0105d pogorszy\u0142 mi si\u0119 s\u0142uch i wzrok, nie s\u0142ysz\u0119 i nie widz\u0119 \u017cadnych znak\u00f3w, kt\u00f3re by dzia\u0142a\u0142y na mnie zniech\u0119caj\u0105co. Kieruj\u0119 si\u0119 w \u017cyciu t\u0105 prost\u0105 zasad\u0105, \u017ce jak kto\u015b mnie zaprasza, to musi si\u0119 liczy\u0107, \u017ce skorzystam z oferty. Tak te\u017c zrobi\u0142em w tym roku. Je\u015bli kto\u015b mia\u0142 inne intencje, niech nast\u0119pnym razem nie wr\u0119cza mi \u017cadnego zaproszenia. W ko\u0144cu przymusu nie ma.<\/p>\n","protected":false},"excerpt":{"rendered":"<p>Skoro wszyscy bij\u0105 rekordy, to moja szko\u0142a te\u017c. Na tegorocznej studni\u00f3wce pojawi si\u0119 u nas tak niewielu nauczycieli, \u017ce chyba gorzej by\u0107 nie mo\u017ce. Zreszt\u0105 gdyby mog\u0142o, to pewnie by by\u0142o. Niestety, dyrekcja nie wyobra\u017ca sobie tego balu bez belfr\u00f3w. A w\u0142a\u015bciwie czemu nie? Czy nauczyciele musz\u0105 chodzi\u0107 na studni\u00f3wki?<\/p>\n","protected":false},"author":1,"featured_media":0,"comment_status":"open","ping_status":"closed","sticky":false,"template":"","format":"standard","meta":{"footnotes":""},"categories":[1],"tags":[],"_links":{"self":[{"href":"https:\/\/blog.polityka.pl\/chetkowski\/wp-json\/wp\/v2\/posts\/7626"}],"collection":[{"href":"https:\/\/blog.polityka.pl\/chetkowski\/wp-json\/wp\/v2\/posts"}],"about":[{"href":"https:\/\/blog.polityka.pl\/chetkowski\/wp-json\/wp\/v2\/types\/post"}],"author":[{"embeddable":true,"href":"https:\/\/blog.polityka.pl\/chetkowski\/wp-json\/wp\/v2\/users\/1"}],"replies":[{"embeddable":true,"href":"https:\/\/blog.polityka.pl\/chetkowski\/wp-json\/wp\/v2\/comments?post=7626"}],"version-history":[{"count":2,"href":"https:\/\/blog.polityka.pl\/chetkowski\/wp-json\/wp\/v2\/posts\/7626\/revisions"}],"predecessor-version":[{"id":7628,"href":"https:\/\/blog.polityka.pl\/chetkowski\/wp-json\/wp\/v2\/posts\/7626\/revisions\/7628"}],"wp:attachment":[{"href":"https:\/\/blog.polityka.pl\/chetkowski\/wp-json\/wp\/v2\/media?parent=7626"}],"wp:term":[{"taxonomy":"category","embeddable":true,"href":"https:\/\/blog.polityka.pl\/chetkowski\/wp-json\/wp\/v2\/categories?post=7626"},{"taxonomy":"post_tag","embeddable":true,"href":"https:\/\/blog.polityka.pl\/chetkowski\/wp-json\/wp\/v2\/tags?post=7626"}],"curies":[{"name":"wp","href":"https:\/\/api.w.org\/{rel}","templated":true}]}}