
{"id":830,"date":"2009-09-29T22:00:24","date_gmt":"2009-09-29T21:00:24","guid":{"rendered":"http:\/\/chetkowski.blog.polityka.pl\/?p=830"},"modified":"2009-09-29T22:00:24","modified_gmt":"2009-09-29T21:00:24","slug":"koniec-ulgowego-traktowania","status":"publish","type":"post","link":"https:\/\/blog.polityka.pl\/chetkowski\/2009\/09\/29\/koniec-ulgowego-traktowania\/","title":{"rendered":"Koniec ulgowego traktowania"},"content":{"rendered":"<p>We wrze\u015bniu nie stawiamy uczniom klas pierwszych ocen niedostatecznych. Niestety, cz\u0119\u015b\u0107 uczni\u00f3w traktuje ten przywilej jak pozwolenie na totalne obijanie si\u0119. Niekt\u00f3rzy w tym miesi\u0105cu w og\u00f3le si\u0119 nie ucz\u0105, kompletnie nic nie robi\u0105 (nawet podr\u0119cznika nie przynios\u0105 na lekcje). Uwa\u017caj\u0105, \u017ce skoro nauczyciele maj\u0105 zwi\u0105zane r\u0119ce i nie mog\u0105 postawi\u0107 jedynki, to trzeba to wykorzysta\u0107 a\u017c do b\u00f3lu. Nic wi\u0119c dziwnego, \u017ce pedagodzy nie mog\u0105 si\u0119 doczeka\u0107 ko\u0144ca tego fatalnego miesi\u0105ca. Wielu z nas planuje w pa\u017adzierniku nadrobi\u0107 zaleg\u0142o\u015bci w stawianiu jedynek. A m\u00f3wi\u0105c innymi s\u0142owami, nauczyciele planuj\u0105 zemst\u0119.<\/p>\n<p>Wrzesie\u0144 wasz, pa\u017adziernik nasz. Najpierw nier\u00f3bstwo uczni\u00f3w, potem zemsta belfr\u00f3w. Czuj\u0119, \u017ce prawdziwa nauka zacznie si\u0119 dopiero w listopadzie.<\/p>\n<p>Wrzesie\u0144 bez ocen niedostatecznych ma d\u0142ug\u0105 tradycj\u0119 w moim liceum. Jednak z ka\u017cdym rokiem jest gorzej. Przywilej mia\u0142 pom\u00f3c uczniom przystosowa\u0107 si\u0119 do wymaga\u0144 profesor\u00f3w i bezbole\u015bnie zaaklimatyzowa\u0107 si\u0119 w nowej szkole. Tymczasem sankcjonuje on lenistwo, staje si\u0119 wr\u0119cz przed\u0142u\u017ceniem wakacji. Nie twierdz\u0119, \u017ce wszyscy uczniowie wykorzystuj\u0105 wrzesie\u0144 w tak g\u0142upi spos\u00f3b. Jednak jest ich wystarczaj\u0105co du\u017co, aby prowokowa\u0107 nauczycieli do zemsty. Zdaj\u0119 sobie spraw\u0119, \u017ce zemsta nie przystoi pedagogom. Mo\u017ce lepszym wyj\u015bciem by\u0142aby likwidacja przywileju, skoro przesta\u0142 on pe\u0142ni\u0107 swoj\u0105 funkcj\u0119. Tylko tradycji szkoda.<\/p>\n","protected":false},"excerpt":{"rendered":"<p>We wrze\u015bniu nie stawiamy uczniom klas pierwszych ocen niedostatecznych. Niestety, cz\u0119\u015b\u0107 uczni\u00f3w traktuje ten przywilej jak pozwolenie na totalne obijanie si\u0119. Niekt\u00f3rzy w tym miesi\u0105cu w og\u00f3le si\u0119 nie ucz\u0105, kompletnie nic nie robi\u0105 (nawet podr\u0119cznika nie przynios\u0105 na lekcje). Uwa\u017caj\u0105, \u017ce skoro nauczyciele maj\u0105 zwi\u0105zane r\u0119ce i nie mog\u0105 postawi\u0107 jedynki, to trzeba to [&hellip;]<\/p>\n","protected":false},"author":1,"featured_media":0,"comment_status":"open","ping_status":"open","sticky":false,"template":"","format":"standard","meta":{"footnotes":""},"categories":[1],"tags":[],"_links":{"self":[{"href":"https:\/\/blog.polityka.pl\/chetkowski\/wp-json\/wp\/v2\/posts\/830"}],"collection":[{"href":"https:\/\/blog.polityka.pl\/chetkowski\/wp-json\/wp\/v2\/posts"}],"about":[{"href":"https:\/\/blog.polityka.pl\/chetkowski\/wp-json\/wp\/v2\/types\/post"}],"author":[{"embeddable":true,"href":"https:\/\/blog.polityka.pl\/chetkowski\/wp-json\/wp\/v2\/users\/1"}],"replies":[{"embeddable":true,"href":"https:\/\/blog.polityka.pl\/chetkowski\/wp-json\/wp\/v2\/comments?post=830"}],"version-history":[{"count":0,"href":"https:\/\/blog.polityka.pl\/chetkowski\/wp-json\/wp\/v2\/posts\/830\/revisions"}],"wp:attachment":[{"href":"https:\/\/blog.polityka.pl\/chetkowski\/wp-json\/wp\/v2\/media?parent=830"}],"wp:term":[{"taxonomy":"category","embeddable":true,"href":"https:\/\/blog.polityka.pl\/chetkowski\/wp-json\/wp\/v2\/categories?post=830"},{"taxonomy":"post_tag","embeddable":true,"href":"https:\/\/blog.polityka.pl\/chetkowski\/wp-json\/wp\/v2\/tags?post=830"}],"curies":[{"name":"wp","href":"https:\/\/api.w.org\/{rel}","templated":true}]}}