
{"id":8439,"date":"2017-03-03T16:27:35","date_gmt":"2017-03-03T15:27:35","guid":{"rendered":"http:\/\/chetkowski.blog.polityka.pl\/?p=8439"},"modified":"2017-03-03T16:56:35","modified_gmt":"2017-03-03T15:56:35","slug":"nauczyciele-sa-niewiarygodni","status":"publish","type":"post","link":"https:\/\/blog.polityka.pl\/chetkowski\/2017\/03\/03\/nauczyciele-sa-niewiarygodni\/","title":{"rendered":"Nauczyciele s\u0105 niewiarygodni"},"content":{"rendered":"<p align=\"JUSTIFY\">Zabra\u0142em klas\u0119 wychowawcz\u0105 na lekcj\u0119 do s\u0105du. W rol\u0119 nauczyciela wcieli\u0142 si\u0119 autentyczny s\u0119dzia \u2013 Marcin Mas\u0142owski \u2013 a mnie przypad\u0142o siedzie\u0107 i s\u0142ucha\u0107. Rzecz dla belfra piekielnie trudna<!--more-->\u00a0(info o edukacji prawnej <a href=\"http:\/\/lodz.sr.gov.pl\/edukacja-prawna,m,m2,276\" target=\"_blank\">tutaj<\/a>).<\/p>\n<p align=\"JUSTIFY\">Z ust wiceprezesa s\u0105du dowiedzia\u0142em si\u0119 m.in., \u017ce najgorszymi \u015bwiadkami s\u0105 nauczyciele, gdy\u017c cz\u0119sto k\u0142ami\u0105 jak z nut.<\/p>\n<p align=\"JUSTIFY\">S\u0119dzia wyja\u015bni\u0142, \u017ce nauczyciele nie mog\u0105 czego\u015b nie wiedzie\u0107. To nasza przywara zawodowa, kt\u00f3ra w szkole sprawdza si\u0119 \u015bwietnie, natomiast na rozprawie nie bardzo. Kiedy belfer czego\u015b nie pami\u0119ta, rzecz najzupe\u0142niej ludzka, wtedy konfabuluje. Robi to zupe\u0142nie nie\u015bwiadomie, po prostu umys\u0142 podpowiada mu fikcyjne rozwi\u0105zanie, gdy\u017c niedopuszczalne jest, aby pedagog czego\u015b nie wiedzia\u0142.<\/p>\n<p align=\"JUSTIFY\">Poza tym nauczyciele s\u0105 strasznymi gadu\u0142ami. Zamiast m\u00f3wi\u0107 in concreto, czyli odpowiada\u0107 rzeczowo na pytania, zachowuj\u0105 si\u0119, jakby byli na lekcji. Snuj\u0105 wi\u0119c opowie\u015b\u0107, przeplataj\u0105c fakty z fikcj\u0105. Potem s\u0119dzia musi odsia\u0107 plewy od ziarna, czyli bujd\u0119 od prawdy. Dlatego s\u0119dziowie nie lubi\u0105 nauczycieli w roli \u015bwiadk\u00f3w.<\/p>\n<p align=\"JUSTIFY\">Marcin Mas\u0142owski nie pomyli\u0142 si\u0119 ani o jot\u0119, tacy w\u0142a\u015bnie s\u0105 nauczyciele \u2013 potwierdzam. Bajdurzenie to jedna z najdoskonalszych metod dydaktycznych. Jednak s\u0119dzia nie wie, dlatego spiesz\u0119 z wyja\u015bnieniami, \u017ce tylko najlepsi nauczyciele potrafi\u0105 si\u0119 ni\u0105 pos\u0142ugiwa\u0107, a takich jest niewielu. Mnie wci\u0105\u017c noga powija si\u0119 w tej materii. Ostatnio \u017cona zapyta\u0142a, czy pami\u0119tam, co jej obieca\u0142em, a ja jak kompletny osio\u0142 odpowiedzia\u0142em, \u017ce nie pami\u0119tam. Prawdziwy nauczyciel wymy\u015bli\u0142by jak\u0105\u015b bajk\u0119 i tak urzek\u0142 s\u0105d, czyli \u017con\u0119, \u017ce ka\u017cda zbrodnia usz\u0142aby mu p\u0142azem. Niestety, os\u0142\u00f3w, kt\u00f3rzy m\u00f3wi\u0105 prawd\u0119, jest w\u015br\u00f3d belfr\u00f3w ca\u0142kiem du\u017co.<\/p>\n","protected":false},"excerpt":{"rendered":"<p>Zabra\u0142em klas\u0119 wychowawcz\u0105 na lekcj\u0119 do s\u0105du. W rol\u0119 nauczyciela wcieli\u0142 si\u0119 autentyczny s\u0119dzia \u2013 Marcin Mas\u0142owski \u2013 a mnie przypad\u0142o siedzie\u0107 i s\u0142ucha\u0107. Rzecz dla belfra piekielnie trudna<\/p>\n","protected":false},"author":1,"featured_media":0,"comment_status":"open","ping_status":"closed","sticky":false,"template":"","format":"standard","meta":{"footnotes":""},"categories":[1],"tags":[],"_links":{"self":[{"href":"https:\/\/blog.polityka.pl\/chetkowski\/wp-json\/wp\/v2\/posts\/8439"}],"collection":[{"href":"https:\/\/blog.polityka.pl\/chetkowski\/wp-json\/wp\/v2\/posts"}],"about":[{"href":"https:\/\/blog.polityka.pl\/chetkowski\/wp-json\/wp\/v2\/types\/post"}],"author":[{"embeddable":true,"href":"https:\/\/blog.polityka.pl\/chetkowski\/wp-json\/wp\/v2\/users\/1"}],"replies":[{"embeddable":true,"href":"https:\/\/blog.polityka.pl\/chetkowski\/wp-json\/wp\/v2\/comments?post=8439"}],"version-history":[{"count":6,"href":"https:\/\/blog.polityka.pl\/chetkowski\/wp-json\/wp\/v2\/posts\/8439\/revisions"}],"predecessor-version":[{"id":8447,"href":"https:\/\/blog.polityka.pl\/chetkowski\/wp-json\/wp\/v2\/posts\/8439\/revisions\/8447"}],"wp:attachment":[{"href":"https:\/\/blog.polityka.pl\/chetkowski\/wp-json\/wp\/v2\/media?parent=8439"}],"wp:term":[{"taxonomy":"category","embeddable":true,"href":"https:\/\/blog.polityka.pl\/chetkowski\/wp-json\/wp\/v2\/categories?post=8439"},{"taxonomy":"post_tag","embeddable":true,"href":"https:\/\/blog.polityka.pl\/chetkowski\/wp-json\/wp\/v2\/tags?post=8439"}],"curies":[{"name":"wp","href":"https:\/\/api.w.org\/{rel}","templated":true}]}}