
{"id":609,"date":"2024-02-02T17:26:58","date_gmt":"2024-02-02T16:26:58","guid":{"rendered":"http:\/\/czarnacka.blog.polityka.pl\/?p=609"},"modified":"2025-02-18T16:15:25","modified_gmt":"2025-02-18T15:15:25","slug":"aborcja-jako-prawo-czlowieka-czyli-jaka-to-znowu-rewolucje-szykuja-nam-francuzi","status":"publish","type":"post","link":"https:\/\/blog.polityka.pl\/czarnacka\/2024\/02\/02\/aborcja-jako-prawo-czlowieka-czyli-jaka-to-znowu-rewolucje-szykuja-nam-francuzi\/","title":{"rendered":"Aborcja jako prawo cz\u0142owieka, czyli jak\u0105 to znowu rewolucj\u0119 szykuj\u0105 nam Francuzi?"},"content":{"rendered":"\n<p>Z punktu widzenia historii idei obserwujemy obecnie przeciekawy proces. Wykluwa si\u0119 \u2013 cho\u0107 s\u0142owo wykuwa i skojarzenie z hartowaniem stali te\u017c jest na miejscu \u2013 nowe prawo cz\u0142owieka.<\/p>\n\n\n\n<!--more-->\n\n\n\n<p>Zdania s\u0105 podzielone, cho\u0107 coraz wi\u0119cej pytanych os\u00f3b opowiada si\u0119 za nim. Jak w przypadku ka\u017cdego innego prawa cz\u0142owieka konsekwencje w\u0142\u0105czenia go do katalogu praw podstawowych b\u0119d\u0105 ogromne. Uznanie prawa do \u017cycia przekszta\u0142ci\u0142o zadania pa\u0144stwa z rz\u0105dzenia poddanymi w zarz\u0105dzanie i opiek\u0119 nad populacj\u0105; uznanie powszechnej r\u00f3wno\u015bci zmiot\u0142o monarchie i tytu\u0142y szlacheckie, zniesienie niewolnictwa wymusi\u0142o przemian\u0119 imperializmu w globalizacj\u0119; zniesienie tortur i zakaz nieludzkiego traktowania pozwoli\u0142y nam wyzwoli\u0107 si\u0119 ze szpon\u00f3w instytucji totalnych. Jasne, tortury, kary \u015bmierci i nier\u00f3wno\u015bci wci\u0105\u017c si\u0119 na \u015bwiecie zdarzaj\u0105, ale raczej pok\u0105tnie i ze wstydem*. A przede wszystkim \u2013 instytucje g\u0142\u00f3wnego nurtu musia\u0142y si\u0119 zmieni\u0107, aby to wykluczy\u0107 (w tym \u015bwietle mo\u017cna powiedzie\u0107, \u017ce katalog praw podstawowych jest czym\u015b w rodzaju kodeksu budowlanego dla spo\u0142ecze\u0144stw!).<\/p>\n\n\n\n<p>Teraz pojawi\u0142a si\u0119 nowa stawka zmian: jak b\u0119d\u0105 musia\u0142y przekszta\u0142ci\u0107 si\u0119 spo\u0142ecze\u0144stwa, aby uwzgl\u0119dni\u0107 prawo, kt\u00f3re ma coraz mocniejsze roszczenie do bycia prawem podstawowym i uniwersalnym, to znaczy \u2013 prawo do aborcji?<\/p>\n\n\n\n<p><\/p>\n\n\n\n<p>Pytanie to w\u0142a\u015bnie przestaje by\u0107 czysto teoretyczne. W grudniu zesz\u0142ego roku zacz\u0105\u0142 si\u0119 we Francji proces legislacyjny d\u0105\u017c\u0105cy do wpisania prawa do aborcji do konstytucji. 30 stycznia projekt przeszed\u0142 przez Assembl\u00e9e Nationale \u2013 odpowiednik naszego Sejmu \u2013 wi\u0119kszo\u015bci\u0105 g\u0142os\u00f3w 493 do 30, co nie dziwi, gdy\u017c parlament ju\u017c wcze\u015bniej, bo w lutym 2023 r., upowa\u017cni\u0142 rz\u0105d do sformu\u0142owania konstytucyjnego zapisu w tej sprawie. Rz\u0105d zaproponowa\u0142, a izba ni\u017csza przyj\u0119\u0142a dopisanie do art. 34 precyzuj\u0105cego, co reguluj\u0105 ustawy, \u017ce: &#8222;La loi d\u00e9termine les conditions dans lesquelles s\u2019exerce&nbsp;la libert\u00e9 garantie \u00e0 la femme d\u2019avoir recours \u00e0 une interruption volontaire de grossesse&#8221; (\u201eUstawa okre\u015bla warunki, w jakich realizuje si\u0119 swoboda gwarantowana kobiecie** do dobrowolnego przerwania ci\u0105\u017cy&#8221;).<\/p>\n\n\n\n<p>Zasiadaj\u0105ca we francuskim Senacie prawicowa wi\u0119kszo\u015b\u0107 co do zasady jest za nowym wpisem do konstytucji, ale z\u017cyma si\u0119 na zapis o \u201egwarantowanej swobodzie&#8221;. O ile w polskim j\u0119zyku prawnym mog\u0142oby to oznacza\u0107 na\u0142o\u017cenie na pa\u0144stwo obowi\u0105zku umo\u017cliwienia realizacji danego prawa, odr\u00f3\u017cniaj\u0105c je od zapis\u00f3w o charakterze bardziej \u017cyczeniowym, o tyle w tradycji francuskiej chodzi o co\u015b wi\u0119cej: gwarancja prawa oznacza, \u017ce ma by\u0107 ono respektowane ju\u017c zawsze, przez co uzyskuje ono, poniek\u0105d, wymiar powszechno\u015bci.<\/p>\n\n\n\n<p>Je\u015bli mimo wszystko Senat zgodzi si\u0119 na taki zapis, kolejnym krokiem b\u0119dzie przeg\u0142osowanie wpisu przez zgromadzenie og\u00f3lne, tzn. Assembl\u00e9e plus Senat, kwalifikowan\u0105 wi\u0119kszo\u015bci\u0105 3\/5 g\u0142os\u00f3w. Ponadto uzupe\u0142nienie art. 34 mo\u017ce zosta\u0107 poddane kontroli Rady Konstytucyjnej oraz Europejskiego Trybuna\u0142u Sprawiedliwo\u015bci. Gdyby za\u015b Senat zmieni\u0142 sformu\u0142owanie, kt\u00f3re wysz\u0142o z izby ni\u017cszej, ca\u0142a karuzela uzgodnie\u0144 zacz\u0119\u0142aby si\u0119 od nowa \u2013 jednak nadal ze wskazaniem jakiego\u015b wpisania do konstytucji prawa do aborcji.<\/p>\n\n\n\n<p>Mo\u017cna powiedzie\u0107, \u017ce upieraj\u0105c si\u0119 przy tym rozwi\u0105zaniu, prezydent Emmanuel Macron pokaza\u0142, \u017ce naprawd\u0119 zale\u017cy mu na zapisaniu swego nazwiska na kartach historii \u015bwiata \u2013 niewykluczone bowiem, \u017ce przeforsowanie takiego prawa w jednym kraju uruchomi ca\u0142e domino: w ko\u0144cu Unia Europejska opiera si\u0119 na za\u0142o\u017ceniu, \u017ce wszyscy jej obywatele maj\u0105 takie same prawa***.<\/p>\n\n\n\n<p>W Polsce ju\u017c niebawem stanie podobne pytanie: bardzo mo\u017cliwe, \u017ce w\u015br\u00f3d zapowiadanych czterech projekt\u00f3w reformy prawa aborcyjnego pojawi si\u0119 propozycja referendum. Najnowsze wyniki bada\u0144 opinii publicznej wskazuj\u0105, \u017ce Polki i Polacy r\u00f3wnie\u017c s\u0105 gotowi na zmiany, i to w proporcji, kt\u00f3ra wcale nie wyklucza wpisania prawa do aborcji r\u00f3wnie\u017c do konstytucji (zmiana tre\u015bci rozdzia\u0142\u00f3w I, II i XII jest mo\u017cliwa w trybie referendum \u2013 hipotetycznie prawo do aborcji wpisywano by w\u0142a\u015bnie do rozdzia\u0142u II pt. \u201eWolno\u015bci, prawa i obowi\u0105zki cz\u0142owieka i obywatela&#8221;).<\/p>\n\n\n\n<p>Hipotetycznie wi\u0119c, zamiast robi\u0107 referendum w kwestiach \u015bwiatopogl\u0105dowych zachodz\u0105ce na tematyk\u0119 praw cz\u0142owieka \u2013 to ostatnie uznaje si\u0119 za co\u015b w bardzo z\u0142ym gu\u015bcie, prawa cz\u0142owieka bowiem s\u0105 po to, by zbiorowe psychozy w rodzaju nazizmu ju\u017c nigdy wi\u0119cej ich nie naruszy\u0142y \u2013 mogliby\u015bmy sobie zrobi\u0107 referendum konstytucyjne o prawie do aborcji. Poparcie dla oddania decyzji w r\u0119ce os\u00f3b w ci\u0105\u017cy od \u0142adnych paru lat utrzymuje si\u0119 na wysokim poziomie i w coraz mniejszym stopniu uzale\u017cnione jest od sposobu formu\u0142owania pyta\u0144 przez badaczy, co po\u015bwiadcza, \u017ce temat jest dobrze rozpoznany przez respondent\u00f3w, a \u015bwiadomo\u015b\u0107 stawek r\u00f3\u017cnych stron uczestnicz\u0105cych w sporze jest wysoka. I tak najnowsze <a rel=\"noopener noreferrer\" href=\"https:\/\/publicystyka.ngo.pl\/decyzja-kobiety-prawo-do-przerywania-ciazy-w-oczach-polskiego-spoleczenstwa\" target=\"_blank\">badanie fundacji More in Common Polska<\/a> na grupie reprezentatywnej pokazuje, \u017ce poparcie dla liberalizacji wykazuje 57 proc. badanych, za\u015b w odniesieniu do \u201ebliskiej im kobiety&#8221; 61 proc. uznaje, \u017ce to ona powinna mie\u0107 samodzielne prawo do decyzji o przerwaniu ci\u0105\u017cy.<\/p>\n\n\n\n<p>Sta\u0142y poziom poparcia dla rozwi\u0105za\u0144, kt\u00f3re zosta\u0142y wykluczone z polskiego prawa 30 lat temu, a tak\u017ce poziom spo\u0142ecznej mobilizacji wok\u00f3\u0142 tematu i zrozumienia dla niego wskazuje, \u017ce referendum mog\u0142oby si\u0119 uda\u0107 \u2013 by\u0142oby to pierwsze wi\u0105\u017c\u0105ce referendum w Polsce od czasu referendum unijnego w 2003 r. Od tego czasu odby\u0142y si\u0119 jeszcze dwa takie przedsi\u0119wzi\u0119cia, w 2015 r. Polacy g\u0142osowali m.in. w sprawie wprowadzenia jednomandatowych okr\u0119g\u00f3w wyborczych do Sejmu z frekwencj\u0105 7,80 proc., a podczas ostatnich wybor\u00f3w parlamentarnych mogli\u015bmy si\u0119 wypowiedzie\u0107 m.in. na temat wyprzeda\u017cy polskiego maj\u0105tku, podniesienia wieku emerytalnego i aspekt\u00f3w polskiej polityki migracyjnej, z czego skorzysta\u0142a znacznie mniej ni\u017c po\u0142owa uprawnionych \u2013 40,91 proc.<\/p>\n\n\n\n<p>Tylko \u017ce referendum konstytucyjne zatwierdza ustaw\u0119 zmieniaj\u0105c\u0105 konstytucj\u0119 \u2013 i tu w\u0142a\u015bnie pojawia si\u0119 zagwozdka, gdy\u017c wyborcy okazuj\u0105 si\u0119 znacznie bardziej progresywni ni\u017c ich przedstawiciele w Sejmie i Senacie (chyba \u017ce Trzecia Droga, tzn. PSL i Polska 2050, zmieni\u0105 nastawienie pod wp\u0142ywem jasno wyra\u017canych opinii w\u0142asnego elektoratu, kt\u00f3ry w 68 proc. popiera zmiany).<\/p>\n\n\n\n<p>Wr\u00f3\u0107my jednak do pocz\u0105tkowego pytania: czy jeste\u015bmy gotowi na szersz\u0105 transformacj\u0119 spo\u0142eczno-gospodarcz\u0105, charakterystyczn\u0105 dla prog\u00f3w uznania nowego prawa cz\u0142owieka? Co w\u0142a\u015bciwie znaczy oddanie decyzji o posiadaniu dziecka wy\u0142\u0105cznie w r\u0119ce kobiety? Jakie konsekwencje spowoduje oddanie decyzji o przysz\u0142o\u015bci naszych linii genetycznych (\u017ceby nie m\u00f3wi\u0107 o przysz\u0142o\u015bci narodu) kobietom? Wymaga\u0142oby to, mi\u0119dzy innymi, stworzenia dobrych warunk\u00f3w do tego, \u017ceby dzieci mie\u0107: uwsp\u00f3lnienia troski nad b\u0105belkami, ale tak\u017ce nad seniorami i osobami z niepe\u0142nosprawno\u015bciami, kt\u00f3rymi kobiety dzi\u015b zajmuj\u0105 si\u0119 w przewa\u017caj\u0105cej wi\u0119kszo\u015bci.<\/p>\n\n\n\n<p>Bo obecnie rodzina nie jest tylko wsp\u00f3lnot\u0105 przyjemno\u015bci i warto\u015bci, ale tak\u017ce przedsi\u0119biorstwem pracy reprodukcyjnej (rodzenia, wychowania, karmienia, prania, cerowania, kupowania, organizacji \u017cycia, wspomagania nauki etc., etc.). Zdj\u0119cie przynajmniej cz\u0119\u015bci brzemienia troski z tej jednej, decyduj\u0105cej osoby wymaga\u0142oby stworzenia nowych gospodarczych paradygmat\u00f3w, w kt\u00f3rych opieka i troska zacz\u0119\u0142yby by\u0107 r\u00f3wnie wa\u017cnym wska\u017anikiem co PKB i produktywno\u015b\u0107. Zmieni\u0142oby si\u0119 te\u017c nasze my\u015blenie o stosunku pracy, kt\u00f3rego pierwszym zadaniem sta\u0142aby si\u0119 obs\u0142uga \u017cycia prywatnego (tak, w tym kierunku, cho\u0107 jeszcze nie tak daleko, id\u0105 europejskie regulacje dotycz\u0105ce <em>work\/life balance<\/em> \u2013 r\u00f3wnowa\u017cenia \u017cycia zawodowego i prywatnego). Jedne zmiany z ca\u0142\u0105 pewno\u015bci\u0105 poci\u0105gn\u0119\u0142yby konieczno\u015b\u0107 nast\u0119pnych\u2026<\/p>\n\n\n\n<p>Do tego dochodz\u0105 badania zesz\u0142orocznej noblistki z obszaru ekonomii Claudii Goldin z Uniwersytetu Harvarda, kt\u00f3ra na danych z okresu 200 lat wykaza\u0142a, \u017ce macierzy\u0144stwo jest kluczowym zdarzeniem upo\u015bledzaj\u0105cym szanse kobiet na rynku pracy. To musia\u0142oby si\u0119 zmieni\u0107, ale nie tylko w postaci rozmaitych kompensacji dla pracuj\u0105cych matek \u2013 kluczowe by\u0142oby te\u017c zrozumienie, \u017ce nie sam\u0105 prac\u0105 \u017cyje cz\u0142owiek, a zarabianie pieni\u0119dzy nie jest najwa\u017cniejszym wyznacznikiem \u017cyciowego sukcesu.<\/p>\n\n\n\n<p>Musieliby\u015bmy si\u0119 te\u017c zastanowi\u0107 nad jako\u015bci\u0105 \u015bwiata, do kt\u00f3rego mieliby\u015bmy powo\u0142ywa\u0107 te nowe istnienia. Od lat 90. rozmaite kolektywy feministyczne, z kt\u00f3rych najbardziej znany jest zapewne ameryka\u0144ski <a href=\"https:\/\/www.sistersong.net\/\" target=\"_blank\" rel=\"noopener noreferrer\">SisterSong<\/a>, podkre\u015blaj\u0105, \u017ce kwestie ekologiczne s\u0105 kluczowym aspektem tzw. sprawiedliwo\u015bci reprodukcyjnej, kt\u00f3ra opiera si\u0119 na trzech filarach:<\/p>\n\n\n\n<ul>\n<li>prawie do nieposiadania dzieci<\/li>\n\n\n\n<li>prawie do posiadania dzieci<\/li>\n\n\n\n<li>prawie do wychowywania dzieci w zdrowym i bezpiecznym \u015brodowisku (ale nie tylko wychowywania: tak\u017ce samo p\u0142odzenie dzieci coraz cz\u0119\u015bciej okazuje si\u0119 problematyczne z powodu zanieczyszczenia \u015brodowiska czy zbyt s\u0142abych zabezpiecze\u0144 dotycz\u0105cych \u017cywno\u015bci czy lek\u00f3w).<\/li>\n<\/ul>\n\n\n\n<p>Przyj\u0119cie powszechnie uznawanego prawa do aborcji oznacza potwierdzenie pierwszego z trzech filar\u00f3w sprawiedliwo\u015bci reprodukcyjnej, czyli uznanie ludzkiego prawa do nieposiadania dzieci. Potem nale\u017ca\u0142oby si\u0119 zaj\u0105\u0107 kolejnymi dwoma.<\/p>\n\n\n\n<p>* W idea\u0142 praw cz\u0142owieka wpisana jest optymistyczna wizja, \u017ce wszystkie kraje b\u0119d\u0105 do niego d\u0105\u017cy\u0107 i b\u0119d\u0105 na niwie mi\u0119dzynarodowej wywiera\u0107 presj\u0119, aby wsz\u0119dzie indziej te\u017c tak by\u0142o. Mo\u017cna powiedzie\u0107, \u017ce hipokryzja to ho\u0142d, jaki wyst\u0119pek sk\u0142ada cnocie, jednak nie mo\u017cna powiedzie\u0107, \u017ce to tak ca\u0142kiem nie dzia\u0142a. Na przyk\u0142ad wed\u0142ug danych Amnesty International w 2019 r. 86 proc. \u015bwiatowych egzekucji wykona\u0142y zaledwie cztery pa\u0144stwa (Arabia Saudyjska, Egipt, Irak i Iran), a 142 pa\u0144stwa znios\u0142y kar\u0119 \u015bmierci prawnie lub faktycznie.<\/p>\n\n\n\n<p>** Kwestie definicyjne w odniesieniu do s\u0142owa \u201ekobieta&#8221; prawdopodobnie nie b\u0119d\u0105 we Francji generowa\u0107 tak krwawych konflikt\u00f3w, jak mog\u0142yby w krajach bardziej restrykcyjnie \u0142\u0105cz\u0105cych dost\u0119p do \u015bwiadcze\u0144 i praw z przypisaniem do konkretnej p\u0142ci. W j\u0119zyku praw cz\u0142owieka zapewne jednak sformu\u0142owanie \u201eosoba w ci\u0105\u017cy&#8221; b\u0119dzie uznane za bardziej fortunne.<\/p>\n\n\n\n<p>*** Przypomnijmy: tzw. protok\u00f3\u0142 brytyjski wy\u0142\u0105czaj\u0105cy Wielk\u0105 Brytani\u0119 i Polsk\u0119 spod rz\u0105d\u00f3w Tytu\u0142u IV \u201eSolidarno\u015b\u0107&#8221; Europejskiej Karty Praw Podstawowych zgodnie z zasadami prawa mi\u0119dzynarodowego straci\u0142 moc wraz z wyj\u015bciem Wielkiej Brytanii ze wsp\u00f3lnoty europejskiej. Tym samym osoby \u017cyj\u0105ce w Polsce formalnie rzecz bior\u0105c odzyska\u0142y podw\u00f3jn\u0105 ochron\u0119 takich swoich praw jak m.in. prawo do zabezpieczenia spo\u0142ecznego, prawo do spor\u00f3w zbiorowych czy, szczeg\u00f3lnie dotkliwie naruszane przez ostatni rz\u0105d, prawo do ochrony \u015brodowiska i poprawy jego jako\u015bci. Brak dzia\u0142a\u0144 kolejnych rz\u0105d\u00f3w w kwestii przywr\u00f3cenia <em>statu quo ante<\/em> dowodzi jednak, \u017ce Polska chyba dojrza\u0142a do wzi\u0119cia na siebie obowi\u0105zk\u00f3w, kt\u00f3rych obawia\u0142a si\u0119 wcze\u015bniej.<\/p>\n","protected":false},"excerpt":{"rendered":"<p>Z punktu widzenia historii idei obserwujemy obecnie przeciekawy proces. Wykluwa si\u0119 \u2013 cho\u0107 s\u0142owo wykuwa i skojarzenie z hartowaniem stali te\u017c jest na miejscu \u2013 nowe prawo cz\u0142owieka.<\/p>\n","protected":false},"author":1,"featured_media":614,"comment_status":"open","ping_status":"closed","sticky":false,"template":"","format":"standard","meta":{"footnotes":""},"categories":[1],"tags":[],"_links":{"self":[{"href":"https:\/\/blog.polityka.pl\/czarnacka\/wp-json\/wp\/v2\/posts\/609"}],"collection":[{"href":"https:\/\/blog.polityka.pl\/czarnacka\/wp-json\/wp\/v2\/posts"}],"about":[{"href":"https:\/\/blog.polityka.pl\/czarnacka\/wp-json\/wp\/v2\/types\/post"}],"author":[{"embeddable":true,"href":"https:\/\/blog.polityka.pl\/czarnacka\/wp-json\/wp\/v2\/users\/1"}],"replies":[{"embeddable":true,"href":"https:\/\/blog.polityka.pl\/czarnacka\/wp-json\/wp\/v2\/comments?post=609"}],"version-history":[{"count":4,"href":"https:\/\/blog.polityka.pl\/czarnacka\/wp-json\/wp\/v2\/posts\/609\/revisions"}],"predecessor-version":[{"id":620,"href":"https:\/\/blog.polityka.pl\/czarnacka\/wp-json\/wp\/v2\/posts\/609\/revisions\/620"}],"wp:featuredmedia":[{"embeddable":true,"href":"https:\/\/blog.polityka.pl\/czarnacka\/wp-json\/wp\/v2\/media\/614"}],"wp:attachment":[{"href":"https:\/\/blog.polityka.pl\/czarnacka\/wp-json\/wp\/v2\/media?parent=609"}],"wp:term":[{"taxonomy":"category","embeddable":true,"href":"https:\/\/blog.polityka.pl\/czarnacka\/wp-json\/wp\/v2\/categories?post=609"},{"taxonomy":"post_tag","embeddable":true,"href":"https:\/\/blog.polityka.pl\/czarnacka\/wp-json\/wp\/v2\/tags?post=609"}],"curies":[{"name":"wp","href":"https:\/\/api.w.org\/{rel}","templated":true}]}}