
{"id":624,"date":"2014-07-17T11:14:54","date_gmt":"2014-07-17T09:14:54","guid":{"rendered":"http:\/\/dziadul.blog.polityka.pl\/?p=624"},"modified":"2014-07-17T11:16:01","modified_gmt":"2014-07-17T09:16:01","slug":"slaska-mniejszosc-nieetniczna","status":"publish","type":"post","link":"https:\/\/blog.polityka.pl\/dziadul\/2014\/07\/17\/slaska-mniejszosc-nieetniczna\/","title":{"rendered":"\u015al\u0105ska mniejszo\u015b\u0107 (nie)etniczna"},"content":{"rendered":"<p>Jutro (w pi\u0105tek) reprezentanci \u015bl\u0105skich organizacji regionalnych b\u0119d\u0105 w Sejmie. Bro\u0144 Bo\u017ce nie z jakimi\u015b gro\u017abami, oponami czy kilofami \u2013 nic z ci\u0119\u017ckiej artylerii.<br \/>\n<!--more--><br \/>\nPodrzuc\u0105 tylko 124 tys. podpis\u00f3w pod obywatelskim projektem nowelizacji ustawy, kt\u00f3ra uzna\u0142aby \u015al\u0105zak\u00f3w za mniejszo\u015b\u0107 etniczn\u0105 i przywr\u00f3ci\u0142aby im dawno upragnion\u0105 wolno\u015b\u0107 i poczucie nale\u017cnej godno\u015bci. Bez tego aktu czuj\u0105 si\u0119 spo\u0142eczno\u015bci\u0105 upodlon\u0105 i gn\u0119bion\u0105 niemal od \u015bredniowiecza \u2013 jak twierdz\u0105 niekt\u00f3rzy klasycy rozdzieraj\u0105cy koszul\u0119 na barykadach strzeg\u0105cych odwiecznej \u015bl\u0105sko\u015bci.<\/p>\n<p>\u015al\u0105zacy policzyli si\u0119 w ostatni\u0105 sobot\u0119 (12 lipca) w trakcie VIII Marszu Autonomii w Katowicach. Sz\u0142o oko\u0142o 5 tys. zwolennik\u00f3w powrotu do autonomicznych korzeni, co nie jest liczb\u0105 imponuj\u0105c\u0105, ale podsumowanie akcji zbierania podpis\u00f3w mo\u017ce ju\u017c zwolennik\u00f3w autonomii satysfakcjonowa\u0107.<\/p>\n<p>Inicjatywa ustawodawcza ruszy\u0142a w kwietniu br. \u2013 zgodnie z prawem jej komitet mia\u0142 trzy miesi\u0105ce na z\u0142o\u017cenie projektu popartego przynajmniej przez 100 tys. os\u00f3b. Termin mija jutro w\u0142a\u015bnie, a od 18 lipca w ci\u0105gu kolejnych trzech miesi\u0119cy musi odby\u0107 si\u0119 pierwsze czytanie w Sejmie. I ju\u017c wtedy mo\u017ce pojawi\u0107 si\u0119 wniosek o jej odrzucenie.<\/p>\n<p>Wej\u015bcie na obywatelsk\u0105 drog\u0119 ustawodawcz\u0105 by\u0142o odpowiedzi\u0105 na skasowanie, w grudniu 2013, przez S\u0105d Najwy\u017cszy rejestracji (przez s\u0105dy opolskie) Stowarzyszenia Os\u00f3b Narodowo\u015bci \u015al\u0105skiej. Nie ma takiej narodowo\u015bci w obowi\u0105zuj\u0105cym prawie, wi\u0119c i organizacja pod tak\u0105 nazw\u0105 nie mo\u017ce istnie\u0107. Takie mniej wi\u0119cej by\u0142o uzasadnienie. A \u017ce regionalni dzia\u0142acze \u017carliwie podkre\u015blaj\u0105, \u017ce s\u0105 pe\u0142noprawnymi obywatelami RP, podlegaj\u0105 prawom i przywilejom obywateli, a wi\u0119c to o swoje chc\u0105 walczy\u0107 na drodze prawa i dialogu.<\/p>\n<p>Dlatego nie proponuj\u0105 teraz \u201enarodowo\u015bci \u015bl\u0105skiej\u201d, tylko dopisanie do ustawy o mniejszo\u015bciach narodowych i etnicznych \u015bl\u0105skiej mniejszo\u015bci etnicznej. Jako pi\u0105tej po Karaimach (kilkaset os\u00f3b), \u0141emkach (10 tys.), Romach (17 tys.) i Tatarach (23 tys.). Ju\u017c ten zabieg da\u0142by \u015al\u0105zakom, jako mniejszo\u015bci etnicznej, finansowe wsparcie od pa\u0144stwa na instytucje kulturalne, przedsi\u0119wzi\u0119cia artystyczne i piel\u0119gnowanie godki (j\u0119zyka).<\/p>\n<p>I co dalej? W Sejmie przepada\u0142y obywatelskie projekty z milionami podpis\u00f3w poparcia. Obliczono, \u017ce w ci\u0105gu 15 lat zg\u0142oszono blisko 150 oddolnych inicjatyw ustawodawczych, z tego niespe\u0142na 40 trafi\u0142o pod obrady. Uchwalono 11, ale w mocno okrojonych kszta\u0142tach lub po po\u017cenieniu z kontrprojektami.<\/p>\n<p>Wr\u00f3\u017c\u0105c z fus\u00f3w i podpieraj\u0105c si\u0119 szczypt\u0105 rozumu, mo\u017cna przewidywa\u0107, \u017ce za odrzuceniem w pierwszym czytaniu b\u0119dzie PiS (wra\u017cliwe nosy z\u0142api\u0105 ten obrzydliwy odorek skrywaj\u0105cej si\u0119 po k\u0105tach opcji niemieckiej) i PSL (ludowcy nie maj\u0105 na \u015al\u0105sku pos\u0142a). Za dalszym procedowaniem sprytnie stanie murem SLD i Tw\u00f3j Ruch (wspieraj\u0105ce \u015bl\u0105skie etniczne ambicje). W PO dyscypliny nie b\u0119dzie, ale wiadomo, \u017ce w sprawie etniczno\u015bci \u015al\u0105zak\u00f3w wi\u0119kszo\u015b\u0107 b\u0119dzie raczej na nie. Tak wi\u0119c wydaje si\u0119, \u017ce inicjatywa przepadnie z kretesem.<\/p>\n<p>Hola, hola &#8211; co\u015b jednak ka\u017ce uwa\u017cnie przyhamowa\u0107. To nie musi by\u0107 takie proste. Nowelizacja wpisuje si\u0119 w jesienne wybory samorz\u0105dowe. Od dawna wiadomo, \u017ce jak partia wygrywa na \u015al\u0105sku, to raczej tak\u017ce w ca\u0142ym kraju. Znajd\u0105 si\u0119 tacy odwa\u017cni, co p\u00f3jd\u0105 na udry z prawie 850 tys. ludzi, kt\u00f3rzy w ostatnim spisie powszechnym przyznali si\u0119 do \u015bl\u0105sko\u015bci w ro\u017cnych konfiguracjach (z tego 436 tys. z\u0142o\u017cy\u0142o jedn\u0105 czyst\u0105 deklaracj\u0119 \u015bl\u0105sk\u0105)?<\/p>\n<p>Je\u015bli przed eurowyborami premier Tusk spacyfikowa\u0142 swoim wilczym wzrokiem g\u00f3rnicze zwi\u0105zki zawodowe, kt\u00f3re nie tylko chcia\u0142y go rozszarpa\u0107, ale i (ach, naprawd\u0119, naprawd\u0119 nie wiem, czy wypada mi u\u017cy\u0107 tego paskudnego okre\u015blenia, co na to kodeks honorowy W\u0142adka Boziewicza&#8230;) &#8211; \u201ezaj**a\u0107\u201d, to mo\u017ce i w tym przypadku pochyli si\u0119 nad \u015bl\u0105skimi postulatami. Wprawdzie 124 tys. podpis\u00f3w to niewielki procent \u015al\u0105ska, ale pokazuj\u0105cy, \u017ce s\u0105 sprawy wa\u017cne dla niema\u0142ej w sumie grupy obywateli.<\/p>\n<p>Mo\u017cna sobie wyobrazi\u0107, cho\u0107by teoretycznie, \u017ce b\u0119dzie zgrzytanie z\u0119b\u00f3w, ale \u015bl\u0105ski projekt przejdzie przez pierwsze czytanie, a po wyborach trafi do jakich\u015b sejmowych komisji, w sumie \u2013 do zamra\u017carek i innych zakamark\u00f3w. Odgrzany zostanie w okolicach przysz\u0142orocznych wybor\u00f3w parlamentarnych. I po ptokach. A mo\u017ce si\u0119 myl\u0119?<\/p>\n<p>W ka\u017cdym razie w tym przypadku \u015al\u0105zacy id\u0105 zgodnie z prawem, a jak nie przejd\u0105 przez Warszaw\u0119 (bo w Sejmie strach przed \u015al\u0105skiem stoi), to skieruj\u0105 si\u0119 do Brukseli. Na pewno nie dadz\u0105 o sobie zapomnie\u0107.<\/p>\n<p>Wszak najlepszym sposobem przewidywania przesz\u0142o\u015bci jest jej tworzenie \u2013 stwierdzi\u0142 m\u0105drze Peter Drucker.<\/p>\n","protected":false},"excerpt":{"rendered":"<p>Jutro (w pi\u0105tek) reprezentanci \u015bl\u0105skich organizacji regionalnych b\u0119d\u0105 w Sejmie. Bro\u0144 Bo\u017ce nie z jakimi\u015b gro\u017abami, oponami czy kilofami \u2013 nic z ci\u0119\u017ckiej artylerii.<\/p>\n","protected":false},"author":8,"featured_media":0,"comment_status":"open","ping_status":"closed","sticky":false,"template":"","format":"standard","meta":{"footnotes":""},"categories":[1],"tags":[],"_links":{"self":[{"href":"https:\/\/blog.polityka.pl\/dziadul\/wp-json\/wp\/v2\/posts\/624"}],"collection":[{"href":"https:\/\/blog.polityka.pl\/dziadul\/wp-json\/wp\/v2\/posts"}],"about":[{"href":"https:\/\/blog.polityka.pl\/dziadul\/wp-json\/wp\/v2\/types\/post"}],"author":[{"embeddable":true,"href":"https:\/\/blog.polityka.pl\/dziadul\/wp-json\/wp\/v2\/users\/8"}],"replies":[{"embeddable":true,"href":"https:\/\/blog.polityka.pl\/dziadul\/wp-json\/wp\/v2\/comments?post=624"}],"version-history":[{"count":3,"href":"https:\/\/blog.polityka.pl\/dziadul\/wp-json\/wp\/v2\/posts\/624\/revisions"}],"predecessor-version":[{"id":630,"href":"https:\/\/blog.polityka.pl\/dziadul\/wp-json\/wp\/v2\/posts\/624\/revisions\/630"}],"wp:attachment":[{"href":"https:\/\/blog.polityka.pl\/dziadul\/wp-json\/wp\/v2\/media?parent=624"}],"wp:term":[{"taxonomy":"category","embeddable":true,"href":"https:\/\/blog.polityka.pl\/dziadul\/wp-json\/wp\/v2\/categories?post=624"},{"taxonomy":"post_tag","embeddable":true,"href":"https:\/\/blog.polityka.pl\/dziadul\/wp-json\/wp\/v2\/tags?post=624"}],"curies":[{"name":"wp","href":"https:\/\/api.w.org\/{rel}","templated":true}]}}