
{"id":632,"date":"2014-07-25T11:09:32","date_gmt":"2014-07-25T09:09:32","guid":{"rendered":"http:\/\/dziadul.blog.polityka.pl\/?p=632"},"modified":"2014-07-25T12:12:37","modified_gmt":"2014-07-25T10:12:37","slug":"rybnickie-manewry-partyjne","status":"publish","type":"post","link":"https:\/\/blog.polityka.pl\/dziadul\/2014\/07\/25\/rybnickie-manewry-partyjne\/","title":{"rendered":"Rybnickie manewry partyjne"},"content":{"rendered":"<p>Czas na \u015al\u0105sk! Zmiany w Polsce nale\u017cy zacz\u0105\u0107 od \u015al\u0105ska! Ju\u017c my\u015bla\u0142em, \u017ce us\u0142ysz\u0119 ci\u0105g dalszy z uzasadnieniem: bo tu zawsze bi\u0142o gor\u0105ce serce Polski! Ale prezes Jaros\u0142aw Kaczy\u0144ski nie posun\u0105\u0142 si\u0119 a\u017c tak daleko i tylko ponios\u0142a mnie chora u\u0142a\u0144ska fantazja.<br \/>\n<!--more--><br \/>\nPowy\u017csze \u2013 jak\u017ce znane i bliskie naszemu sercu &#8211; has\u0142a uwie\u0144czy\u0142y inauguracj\u0119 kampanii politycznej przed kolejnymi wyborami uzupe\u0142niaj\u0105cymi w Rybniku i pobliskiej okolicy.<\/p>\n<div id=\"attachment_634\" style=\"width: 970px\" class=\"wp-caption aligncenter\"><a href=\"\/wp-content\/uploads\/\/2014\/07\/kaczynski-slask.jpg\"><img loading=\"lazy\" decoding=\"async\" aria-describedby=\"caption-attachment-634\" class=\"size-full wp-image-634\" src=\"\/wp-content\/uploads\/\/2014\/07\/kaczynski-slask.jpg\" alt=\"PiS\/Facebook\" width=\"960\" height=\"539\" srcset=\"\/dziadul\/wp-content\/uploads\/2014\/07\/kaczynski-slask.jpg 960w, \/dziadul\/wp-content\/uploads\/2014\/07\/kaczynski-slask-300x168.jpg 300w\" sizes=\"(max-width: 960px) 100vw, 960px\" \/><\/a><p id=\"caption-attachment-634\" class=\"wp-caption-text\">PiS\/Facebook<\/p><\/div>\n<p>Wprawdzie rozleg\u0142y si\u0119 nie na \u015al\u0105sku, jeno z warszawskiego stolca \u2013 lecz tym ci\u0119\u017cszy jest ich ci\u0119\u017car gatunkowy, rzecz jasna. W tle majaczy\u0142y wspomnienia niegdysiejszego \u015bwi\u0119ta lipcowego i dlatego pewnie tak si\u0119 rozmarzy\u0142em.<\/p>\n<p>Wybory wyznaczone na 7 wrze\u015bnia wzi\u0119\u0142y si\u0119 st\u0105d, \u017ce w ubieg\u0142ym roku odmeldowa\u0142 si\u0119 na wieczyst\u0105 wart\u0119 Antoni Motyczka, senator PO. Przedterminowe wybory wygra\u0142 Boles\u0142aw Piecha, pose\u0142 PiS. Senatorem d\u0142ugo nie poby\u0142, bo partia rzuci\u0142a go na odcinek eurowybor\u00f3w, kt\u00f3re ponownie wygra\u0142, no i st\u0105d dzisiejszy wakat.<\/p>\n<p>Prezes, przedstawiaj\u0105c pos\u0142ank\u0119 Izabel\u0119 Kloc, jako kandydatk\u0119 PiS na senatora (ci\u0105gnie ludzi, oj ci\u0105gnie, z izby ni\u017cszej, z politycznej sutereny &#8211; rzec by mo\u017cna &#8211; do wy\u017cszej, na salony), ogarn\u0105\u0142 ca\u0142o\u015bciowo swoim przebieg\u0142ym okiem tzw. zastan\u0105 rzeczywisto\u015b\u0107 i wy\u0142uska\u0142 to, czego przeci\u0119tny widz w pierwszym rzucie nie \u0142apie \u2013 pe\u0142zaj\u0105ce patologie z\u017ceraj\u0105ce podst\u0119pnie nasz\u0105 codzienno\u015b\u0107.<\/p>\n<p>\u015al\u0105sk\u0105 diagnoz\u0119 zacz\u0105\u0142 mi\u0142ym akcentem, niczym zatroskany psychiatra zwracaj\u0105cy si\u0119 do bardzo chorego, ale wa\u017cnego pacjenta. Jakby otrzyma\u0142 polecenie \u201ez g\u00f3ry\u201d, \u017ce pacjenta owego w \u017cadnym razie ze swych r\u0105k wypu\u015bci\u0107 nie wolno. Nie wolno tak\u017ce stosowa\u0107 przestarza\u0142ej terapii szokowej w stylu tzw. zakamuflowanej opcji niemieckiej, wiadomo bowiem, \u017ce po niej pacjent dostaje piany i potrzebny b\u0119dzie kaftan. <\/p>\n<p>Trzeba raczej \u0142agodnie s\u0105czy\u0107 do umys\u0142\u00f3w s\u0142odkie bery, \u017ce \u015al\u0105sk to ta cz\u0119\u015b\u0107 kraju, kt\u00f3ra zosta\u0142a zapomniana, \u017ce nie prowadzi si\u0119 tu prac rewitalizacyjnych, a wszystko, co jest ogromnym dorobkiem tej ziemi, jest nieu\u017cywane, le\u017cy od\u0142ogiem (w sensie dos\u0142ownym) i marnieje. Ma oczywi\u015bcie na my\u015bli g\u00f3rnictwo. <\/p>\n<p>S\u0142usznie dalej prawi\u0142, \u017ce \u015al\u0105sk powinien by\u0107 ko\u0142em zamachowym polskiej gospodarki. Tej tradycyjnej, zwi\u0105zanej z w\u0119glem, i tej nowej, innowacyjnej. W\u0142a\u015bciwie a\u017c si\u0119 prosi, \u017ceby na koniec sesji terapeutycznej zajara\u0107 z pacjentem jointa. I podsumowa\u0107 diagnostycznie, \u017ce w gruncie rzeczy na \u015al\u0105sku nic si\u0119 nie robi. Ta metoda terapeutyczna nawet mi si\u0119 podoba, bo nie lubi\u0119 terapii szokowych \u2013 ale diagnoza nie wydaje mi si\u0119 trafiona i pozwol\u0119 sobie jednak z prezesem si\u0119 nie zgodzi\u0107.<\/p>\n<p>Je\u017cd\u017c\u0119 po tej patologicznej ziemi (patologie maj\u0105 to do siebie, \u017ce si\u0119 pleni\u0105, ale go\u0142ym okiem i na pierwszy rzut ich nie wida\u0107) \u2013 po niez\u0142ych drogach &#8211; k\u0105tem oka dostrzegam olbrzymie fabryki samochodowe i inne, reprezentuj\u0105ce w miar\u0119 nowoczesne przemys\u0142y. Domy i biurowce pn\u0105 si\u0119 do g\u00f3ry (niech si\u0119 mury pn\u0105 do g\u00f3ry! \u2013 \u015bpiewa moje niesforne pami\u0119tliwe serce). Gdzie spojrze\u0107, szwendaj\u0105 si\u0119 bezczelnie setki tysi\u0119cy student\u00f3w nieobarczonych kompleksami, \u017ce ich rodzime uczelnie s\u0105 jakie\u015b gorsze. Powietrza nie wida\u0107 \u2013 to cholera czyste, dooko\u0142a zielonoros\u0142e (za Joyce\u2019em) lasy \u2013 wszak \u015bl\u0105skie jest drugim, po lubuskim, najbardziej zalesionym wojew\u00f3dztwem w kraju&#8230; Wi\u0119c gdzie jest pies pogrzebany?<\/p>\n<p>Ju\u017c wiem! Prezes przed jakimi\u015b wyborami orzek\u0142, \u017ce \u015al\u0105sk powinien by\u0107 jak druga Bawaria. Faktycznie, trudno w takich miastach, jak Zabrze, Ruda \u015al\u0105ska, Chorz\u00f3w, Siemianowice \u015al\u0105skie itd., szuka\u0107 Bawarii. Cho\u0107 te po s\u0105siedzku &#8211; Katowice, Gliwice, Tychy, Sosnowiec, D\u0105browa G\u00f3rnicza &#8211; zaczynaj\u0105 ju\u017c by\u0107 bawariopodobne. \u015al\u0105sk jest krain\u0105 dw\u00f3ch pr\u0119dko\u015bci \u2013 i tej refleksji mi u prezesa zabrak\u0142o. R\u00f3wnie\u017c nazwania \u015bl\u0105skich patologii odwa\u017cnie i po imieniu: czym si\u0119 one r\u00f3\u017cni\u0105 od tych warszawskich, bia\u0142ostockich czy gda\u0144skich?<\/p>\n<p>Ale w porz\u0105dku, b\u00f3j o dobro \u015al\u0105ska ruszy\u0142! I nie zgadzam si\u0119 z przebrzyd\u0142ymi krytykantami, \u017ce prezes rzuci\u0142 na \u015al\u0105sk jak zwykle puste s\u0142owa. O, co to, to nie! Tre\u015bci\u0105 wype\u0142ni\u0142a je kandydatka, kt\u00f3ra zaapelowa\u0142a, \u017ceby obecnej w\u0142adzy powiedzie\u0107: stop! Czy to s\u0105 puste s\u0142owa? Zauwa\u017cy\u0142a, \u017ce \u015al\u0105sk si\u0119 wyludnia, \u017ce m\u0142odzi i wykszta\u0142ceni uciekaj\u0105, gdzie pieprz ro\u015bnie. \u017be niebawem b\u0119dzie tu Dziki Zach\u00f3d, gdzie po gor\u0105czce z\u0142ota pustosza\u0142y miasta i miasteczka. Akurat to zawo\u0142anie spodoba\u0142by si\u0119 J\u00f3zefowi K\u0142ykowi, kt\u00f3ry w s\u0105siedztwie Rybnika kr\u0119ci swoje westerny \u2013 ale \u017carty na bok. PiS powa\u017cnie zaj\u0119\u0142o si\u0119 reperacj\u0105 \u015al\u0105ska.<\/p>\n<p>Co na to konkurencja? Ano te\u017c Rybnika nie odpuszcza i na ten front rzuca najlepsze, co ma, cho\u0107 jeszcze bez szczeg\u00f3\u0142\u00f3w. PO chce, \u017ceby senatorem tej biednej ziemi zosta\u0142 pose\u0142 Marek Krz\u0105ka\u0142a. On na razie nie pochyla si\u0119 nad dobrem \u015al\u0105ska tak czule jak kandydatka PiS. Wali wprost, \u017ce podj\u0105\u0142 tak\u0105 decyzj\u0119, poniewa\u017c mandat z Rybnika jest zbyt cenny, by by\u0107 kart\u0105 przetargow\u0105 dla PiS.<\/p>\n<p>Z kolei kandydat SLD na senatora \u2013 pose\u0142 Piotr Chmielowski (dawniej Ruch Palikota) &#8211; chce by\u0107 senatorem, aby obudzi\u0107 lewic\u0119 w tej cz\u0119\u015bci G\u00f3rnego \u015al\u0105ska, kt\u00f3ra jest niczym \u015bpi\u0105cy w Tatrach rycerze.<\/p>\n<p>Posz\u0142a plotka, \u017ce wystartuje Janusz Korwin-Mikke (wybrany st\u0105d do europarlamentu), kt\u00f3remu Bruksela ju\u017c si\u0119 znudzi\u0142a i ch\u0119tnie jako senator przy\u0142o\u017cy\u0142by komu\u015b na Wiejskiej, ale to chyba tylko plotka. Cho\u0107 i Kongres Nowej Prawicy Rybnika nie odpuszcza i namaszcza na senatora nijakiego Macieja Urba\u0144czyka. Za niespodziank\u0119 nale\u017cy uzna\u0107 brak kandydata Ruchu Autonomii \u015al\u0105ska \u2013 Rybnik to wszak miejsce narodzin RA\u015a. Mo\u017ce to jaka\u015b pu\u0142apka&#8230; Z\u0142o\u015bliwi m\u00f3wi\u0105, \u017ce autonomi\u015bci ostatnio przegrywali tu wszystko, co by\u0142o do przegrania, wi\u0119c teraz odpuszczaj\u0105, \u017ceby nie zapesza\u0107 w niedalekich listopadowych wyborach samorz\u0105dowych.<\/p>\n<p>W ka\u017cdym razie &#8211; b\u0119dzie si\u0119 dzia\u0142o! Zanim b\u0119dzie \u2013 mam pomys\u0142. Mo\u017ce przed tymi wyborami jeszcze si\u0119 politycznie nie przebije, ale ziarno trzeba sia\u0107. Chodzi mi mianowicie o p\u0119d pos\u0142\u00f3w z izby ni\u017cszej do wy\u017cszej. Czy nie by\u0142oby s\u0142uszne, \u017ceby startuj\u0105cy na senatora (zwyk\u0142e pos\u0142owanie to &#8211; jak wida\u0107 &#8211; marna fucha) automatycznie zrzekali si\u0119 mandatu poselskiego? Czy nie by\u0142oby to uczciwe wobec by\u0142ych wyborc\u00f3w i tych najbli\u017cszych?<\/p>\n<p>No, takie pomys\u0142y l\u0119gn\u0105 si\u0119 w sezonie og\u00f3rkowym. A ju\u017c powa\u017cnie: wszystkim startuj\u0105cym pos\u0142om \u017cycz\u0119 mandatu senatora. Niech moc b\u0119dzie z Wami! A mo\u017ce by\u015bcie tak obj\u0119li wsp\u00f3lny mandat? Trzy w jednym, ponad podzia\u0142ami?! Id\u0119 na jointa z moim psychoterapeut\u0105. Czuj\u0119, \u017ce za chwil\u0119 przeobrazi si\u0119 w m\u0142odego wiejskiego lekarza z Bu\u0142hakowa. Oj, b\u0119dzie co zapisywa\u0107&#8230;<\/p>\n","protected":false},"excerpt":{"rendered":"<p>Czas na \u015al\u0105sk! Zmiany w Polsce nale\u017cy zacz\u0105\u0107 od \u015al\u0105ska! Ju\u017c my\u015bla\u0142em, \u017ce us\u0142ysz\u0119 ci\u0105g dalszy z uzasadnieniem: bo tu zawsze bi\u0142o gor\u0105ce serce Polski! Ale prezes Jaros\u0142aw Kaczy\u0144ski nie posun\u0105\u0142 si\u0119 a\u017c tak daleko i tylko ponios\u0142a mnie chora u\u0142a\u0144ska fantazja.<\/p>\n","protected":false},"author":8,"featured_media":0,"comment_status":"open","ping_status":"closed","sticky":false,"template":"","format":"standard","meta":{"footnotes":""},"categories":[1],"tags":[],"_links":{"self":[{"href":"https:\/\/blog.polityka.pl\/dziadul\/wp-json\/wp\/v2\/posts\/632"}],"collection":[{"href":"https:\/\/blog.polityka.pl\/dziadul\/wp-json\/wp\/v2\/posts"}],"about":[{"href":"https:\/\/blog.polityka.pl\/dziadul\/wp-json\/wp\/v2\/types\/post"}],"author":[{"embeddable":true,"href":"https:\/\/blog.polityka.pl\/dziadul\/wp-json\/wp\/v2\/users\/8"}],"replies":[{"embeddable":true,"href":"https:\/\/blog.polityka.pl\/dziadul\/wp-json\/wp\/v2\/comments?post=632"}],"version-history":[{"count":5,"href":"https:\/\/blog.polityka.pl\/dziadul\/wp-json\/wp\/v2\/posts\/632\/revisions"}],"predecessor-version":[{"id":639,"href":"https:\/\/blog.polityka.pl\/dziadul\/wp-json\/wp\/v2\/posts\/632\/revisions\/639"}],"wp:attachment":[{"href":"https:\/\/blog.polityka.pl\/dziadul\/wp-json\/wp\/v2\/media?parent=632"}],"wp:term":[{"taxonomy":"category","embeddable":true,"href":"https:\/\/blog.polityka.pl\/dziadul\/wp-json\/wp\/v2\/categories?post=632"},{"taxonomy":"post_tag","embeddable":true,"href":"https:\/\/blog.polityka.pl\/dziadul\/wp-json\/wp\/v2\/tags?post=632"}],"curies":[{"name":"wp","href":"https:\/\/api.w.org\/{rel}","templated":true}]}}