
{"id":1815,"date":"2023-07-22T15:26:48","date_gmt":"2023-07-22T13:26:48","guid":{"rendered":"https:\/\/flint.blog.polityka.pl\/?p=1815"},"modified":"2023-07-22T15:26:48","modified_gmt":"2023-07-22T13:26:48","slug":"na-europy-peryferiach-kasta-mowi-basta","status":"publish","type":"post","link":"https:\/\/blog.polityka.pl\/flint\/2023\/07\/22\/na-europy-peryferiach-kasta-mowi-basta\/","title":{"rendered":"Na Europy peryferiach Kasta m\u00f3wi basta"},"content":{"rendered":"\n<p>Wczoraj, 21 lipca, min\u0119\u0142o 21 lat od premiery \u201ePeryferii\u201d, jednego z najwa\u017cniejszych singli rapowych 2002 roku. Wczoraj te\u017c jego autor (a w\u0142a\u015bciwie wsp\u00f3\u0142autor, o czym p\u00f3\u017aniej) <strong>Waldemar Kasta <\/strong>pokaza\u0142 \u015bwiatu \u201ePeryferie 2\u201d, wyda\u0142 album \u201eNestor\u201d i spi\u0105\u0142 klamr\u0105 rapow\u0105 karier\u0119. <\/p>\n\n\n\n<p>\u201ePeryferie\u201d by\u0142y du\u017ce. Siedem i p\u00f3\u0142 miliona wy\u015bwietle\u0144 na YouTube zupe\u0142nie nie oddaje tego, jak bardzo, bo przecie\u017c wychodzi\u0142y w erze przedyoutube\u2019owej.  17 miejsce albumu, kt\u00f3ry \u00f3w utw\u00f3r promowa\u0142, zdobyte  na sprzeda\u017cowej li\u015bcie OLiS r\u00f3wnie\u017c nie robi\u0142o wi\u0119kszego wra\u017cenia.  Pami\u0119tajmy, \u017ce to by\u0142 debiut Waldka, czy jak kto woli Wally\u2019ego (zapisywanego jako <strong>Wall-E<\/strong> na d\u0142ugo przed filmem Pixara). Premiera odby\u0142a si\u0119 w wakacje, w sezonie og\u00f3rkowym. Poprzedza\u0142 j\u0105 wyciek surowej wersji kr\u0105\u017cka do sieci. Producencki superduet <strong>WhiteHouse<\/strong> by\u0142 jeszcze przed \u201eKodexem\u201d, swoj\u0105 pierwsz\u0105, presti\u017cow\u0105 kompilacj\u0105, na kt\u00f3rej pojawi\u0142a si\u0119 przekrojowa reprezentacja ca\u0142ej sceny. Przed solowym debiutem by\u0142 r\u00f3wnie\u017c <strong>donGURALesko<\/strong>, drugi z \u201eperyferyjnych\u201d raper\u00f3w. Bo Kasta to cz\u0142owiek, ale podpisana pod singlem <strong>K.A.S.T.A.<\/strong> to co\u015b wi\u0119cej &#8211; Konfederacja Absolwent\u00f3w Szko\u0142y Technicznej Artykulacji (o tym r\u00f3wnie\u017c p\u00f3\u017aniej)   <\/p>\n\n\n\n<iframe loading=\"lazy\" width=\"100%\" height=\"315\" src=\"https:\/\/www.youtube.com\/embed\/qFZYtbTvYFw\" title=\"YouTube video player\" frameborder=\"0\" allow=\"accelerometer; autoplay; clipboard-write; encrypted-media; gyroscope; picture-in-picture; web-share\" allowfullscreen><\/iframe>\n\n\n\n<p><\/p>\n\n\n\n<p>Lepiej patrzy si\u0119 na \u201ePeryferie\u201d z oddali. Wi\u0119cej wtedy wida\u0107. <em>K.A.S.T.A.<br> przenios\u0142a na rodzimy grunt ameryka\u0144ski styl. Wzorowali si\u0119 na tw\u00f3rcach zza oceanu zar\u00f3wno w rapowaniu, jak i w ubiorze. Cho\u0107 flow i g\u0142osy r\u00f3wnie\u017c by\u0142y na zagranicznym  poziomie, fani potrzebowali czasu, \u017ceby w pe\u0142ni zaakceptowa\u0107 takie podej\u015bcie do hip-hopu. Cz\u0119sto si\u0119 przez to m\u00f3wi, i\u017c K.A.S.T.A. to grupa, kt\u00f3ra zdecydowanie wi\u0119ksz\u0105 popularno\u015b\u0107 osi\u0105gn\u0119\u0142a po zako\u0144czeniu aktywnej dzia\u0142alno\u015bci ni\u017c w jej trakcie<\/em> \u2013 pisa\u0142 <strong>Andrzej Ca\u0142a<\/strong> w \u201eAntologii Polskiego Rapu\u201d, kt\u00f3rej tw\u00f3rcy umie\u015bcili utw\u00f3r w \u017celaznym kanonie i opisali. Znalaz\u0142 si\u0119 te\u017c w\u015br\u00f3d 120 najwa\u017cniejszych utwor\u00f3w polskiego rapu w zestawieniu T-Mobile Music, na li\u015bcie najlepszych kawa\u0142k\u00f3w w historii polskiego rapu wg s\u0142uchaczy OpenFM, po\u015br\u00f3d pi\u0119ciu esencjonalnych dzie\u0142 Gurala na Porcys.  Newonce nie uwzgl\u0119dni\u0142 co prawda \u201ePeryferii\u201d w swojej ikonicznej polskiej rapowej pi\u0119\u0107dziesi\u0105tce, ale w 10-utworowym suplemencie ju\u017c do niej \u2013 owszem. <em>To by\u0142a jedna z niewielu ekip, kt\u00f3r\u0105 najpierw s\u0142ucha\u0142o si\u0119 dla nawijki, a dopiero potem dla muzyki<\/em> \u2013 konstatowa\u0142 <strong>Jacek Sobczy\u0144ski<\/strong>. <\/p>\n\n\n\n<p>Co zatem decydowa\u0142o o sukcesie? Zacz\u0105\u0107 wypada\u0142oby od rzeczy najprotszej, a wi\u0119c walor\u00f3w artystycznych.  Argumentowa\u0142em na T-Mobile Music: <em>Dw\u00f3ch go\u015bci, z g\u0142osami przebijaj\u0105cymi si\u0119 przez ka\u017cdy bit, absolutnych koncertowych masakrator\u00f3w. Szorstkie style, z Guralem kt\u00f3remu w\u00f3wczas do Ameryki jeszcze troch\u0119 brakowa\u0142o i fakt, ten nadrabia\u0142 zapalczywo\u015bci\u0105 oraz Wall-e\u2019m, surowym, wplataj\u0105cym gdzie\u015b w sw\u00f3j dudni\u0105cy wokal melodyjno\u015b\u0107 jamajskiej nawijki. Kilotony charyzmy detonowanej przez iskr\u0119 krzesan\u0105 przy zderzeniu dw\u00f3ch silnych osobowo\u015bci<\/em>.<\/p>\n\n\n\n<p>Warto jeszcze wynotowa\u0107 inny fragment z TMM, po\u015bwi\u0119cony ju\u017c nie utworowi, a ca\u0142ej p\u0142ycie Kastaniety: <em>Najwi\u0119ksze wra\u017cenie robi jednak idealna chemia mi\u0119dzy Wall-E\u2019m, Guralem i soczystymi bitami WhiteHouse &#8211; mistrzami szlachetnych b\u0119bn\u00f3w, pe\u0142nego basu, idealnie doci\u0119tych, p\u0119tlonych, kr\u00f3tkich sampelk\u00f3w z przewag\u0105 klawiszy i imponuj\u0105cej brzmieniowej g\u0142\u0119bi<\/em>. <\/p>\n\n\n\n<figure class=\"wp-block-image\"><img loading=\"lazy\" decoding=\"async\" width=\"1024\" height=\"683\" src=\"\/wp-content\/uploads\/2023\/07\/Kasta3-1024x683.jpeg\" alt=\"\" class=\"wp-image-1816\" srcset=\"\/flint\/wp-content\/uploads\/2023\/07\/Kasta3-1024x683.jpeg 1024w, \/flint\/wp-content\/uploads\/2023\/07\/Kasta3-300x200.jpeg 300w, \/flint\/wp-content\/uploads\/2023\/07\/Kasta3-768x512.jpeg 768w, \/flint\/wp-content\/uploads\/2023\/07\/Kasta3.jpeg 2048w\" sizes=\"(max-width: 1024px) 100vw, 1024px\" \/><figcaption>Kasta twarz\u0105 b\u0142yszcze\u0107 nigdzie nie musi (fot. materia\u0142y promocyjne)<\/figcaption><\/figure>\n\n\n\n<p>\u201ePeryferie\u201d nie s\u0105 tylko fajnym numerem z mocnymi wersami i melodi\u0105. Poprzez wsp\u00f3\u0142prac\u0119 lider\u00f3w lokalnych rapowych spo\u0142eczno\u015bci po\u0142\u0105czy\u0142y <em>te dwa miasta, kt\u00f3re chc\u0105 si\u0119 chlasta\u0107<\/em>  &#8211; rzecz jasna na fali pi\u0142karskich animozji kibicowskich, wtedy du\u017co bardziej wyrazistych. My\u015blenie jedno\u015bciowe posz\u0142o zreszt\u0105 du\u017co dalej.  Nale\u017cy zwr\u00f3ci\u0107 uwag\u0119 na waldkow\u0105 mi\u0142o\u015b\u0107 do autonomicznej rapowo (dziennikarsko, producencko, wydawniczo) stolicy dolnego \u015al\u0105ska (<em>Nie chc\u0119 tam, gdzie Wars i gdzie Sawa, Odr\u0119 wol\u0119<\/em>), ale przede wszystkim na <em>odwo\u0142anie do uniwersalizmu <\/em><strong><em>Zulu Nation<\/em><\/strong><em> dobrze podsumowuj\u0105ce ten pozbawiony kompleks\u00f3w akces do \u015bwiatowego hip-hopu<\/em> (cyt. za stron\u0105 Audycji Kulturalnych). <\/p>\n\n\n\n<p><em>Narysuj sobie Tao, kolejny raz masz do czynienia z naturaln\u0105 kolej\u0105 rzeczy, \u017ceby znale\u017a\u0107 kogo\u015b, kto b\u0119dzie pasowa\u0142 do koncepcji ca\u0142ego ruchu. To ma by\u0107 skomasowany atak na s\u0142uchacza i najlepiej jak to b\u0119dzie Konfederacja Absolwent\u00f3w Szko\u0142y Technicznej Artykulacji, nie grubymi ni\u0107mi szyte, tylko rzeczywi\u015bcie konfederacja ludzi kt\u00f3rzy reprezentuj\u0105 r\u00f3\u017cne style daj\u0105ce si\u0119 podporz\u0105dkowa\u0107 jednemu d\u0105\u017ceniu, jednej og\u00f3lnej koncepcji. Wydaje mi si\u0119, \u017ce Gural sprosta\u0142 wymogom<\/em> \u2013 t\u0142umaczy\u0142 Waldemar Kasta. Mo\u017ce nie do ko\u0144ca jasno, ale wtedy hip-hop taki potrafi\u0142 by\u0107: jeszcze etosowy, troch\u0119 z manifestu, z zespo\u0142ami funkcjonuj\u0105cymi troch\u0119 jak sekty. <\/p>\n\n\n\n<p>Gural z Wall-e\u2019m uczyli si\u0119 siebie nawzajem, konfrontowali mentalno\u015bci \u2013 poznaniak by\u0142 zach\u0142y\u015bni\u0119tym gangsterk\u0105 ch\u0142opakiem z artystycznego domu, starszy od niego wroc\u0142awianin za\u015b wagabund\u0105 z bogatym \u017cyciowym, ulicznym do\u015bwiadczeniem. Wi\u0119zi z producentami z WhiteHouse nie trzeba by\u0142o budowa\u0107 \u2013 Ci zreszt\u0105 poznali si\u0119 u niego na dzielnicy, Magiera przyje\u017cd\u017ca\u0142 na desce na dzielnic\u0119 Kozan\u00f3w, na Dzieln\u0105, tam spotykali si\u0119 z L.A. \u201eKastaniety\u201d powstawa\u0142y wsp\u00f3lnie, raper by\u0142 na miejscu, realizowa\u0142 swoje koncepcje r\u0119kami specjalist\u00f3w, aprobowa\u0142 i konsultowa\u0142 ich w\u0142asne. <em>Robili swoje, ale dla mnie<\/em> \u2013 stwierdza\u0142. <\/p>\n\n\n\n<figure class=\"wp-block-image\"><img loading=\"lazy\" decoding=\"async\" width=\"1024\" height=\"683\" src=\"\/wp-content\/uploads\/2023\/07\/KASTA_2-1024x683.jpeg\" alt=\"\" class=\"wp-image-1817\" srcset=\"\/flint\/wp-content\/uploads\/2023\/07\/KASTA_2-1024x683.jpeg 1024w, \/flint\/wp-content\/uploads\/2023\/07\/KASTA_2-300x200.jpeg 300w, \/flint\/wp-content\/uploads\/2023\/07\/KASTA_2-768x512.jpeg 768w, \/flint\/wp-content\/uploads\/2023\/07\/KASTA_2.jpeg 2048w\" sizes=\"(max-width: 1024px) 100vw, 1024px\" \/><figcaption>13 nie przynios\u0142a Waldemarowi pecha, a przynajmniej nie artystycznie (fot, materia\u0142y promocyjne)<\/figcaption><\/figure>\n\n\n\n<p>Wylano wtedy solidny fundament. <em>Panowie nagrywaj\u0105 jeszcze potem podw\u00f3jne \u201eKastatomy\u201d (2003, wyd. Blend), do historii przechodz\u0105 ich wyst\u0119py na p\u0142ycie <strong>DJ\u2019a 600V<\/strong> (\u201eWychylylybymy\u201d) i <strong>Trzeciego Wymiaru<\/strong> (\u201eWuuuf\u201d), jednak najwa\u017cniejsze s\u0105 wyst\u0119py w ca\u0142ej Polsce i poza ni\u0105 (pami\u0119tny czeski Hip-Hop Kemp z 2004 roku). Energia i poziom wykonawczy ka\u017c\u0105 m\u00f3wi\u0107 o nowej jako\u015bci. Jeszcze przed premier\u0105 drugiej p\u0142yty donGURALesko z lokalnej sensacji awansuje do \u015bcis\u0142ej czo\u0142\u00f3wki polskiego emceeingu<\/em> \u2013 informuje \u201eAntologia Polskiego Rapu\u201d. WhiteHouse produkuje Guralowi ca\u0142y debiut, a na drugiej p\u0142ycie K.A.S.T.A.  robi\u0105 pi\u0119\u0107 numer\u00f3w, mimo \u017ce Konfederacja (polityczne skojarzenia g\u0142\u0119boko niepo\u017c\u0105dane) mia\u0142a na pok\u0142adzie \u015bwietnie dysponowanego <strong>Kut-O.<\/strong> <\/p>\n\n\n\n<p>Od premiery \u201ePeryferii\u201d min\u0119\u0142o 20 lat i\u2026 Polska to ju\u017c nie s\u0105 jakie\u015b peryferie Europy, a kraj z takim popytem na rap (niestety pod ka\u017cdym wzgl\u0119dem zupe\u0142nie inny od hip-hopu sprzed dw\u00f3ch dekad), \u017ce zagraniczne gwiazdy patrz\u0105 z zazdro\u015bci\u0105 na wy\u015bwietlenia naszych gwiazd, a <strong>Mata<\/strong> wykupuje Billboard na Times Square. Najwi\u0119ksi melduj\u0105 si\u0119 u nas na koncertach, Polscy producenci bywaj\u0105 zauwa\u017cani na zachodzie. <strong>Szamz<\/strong> trafi\u0142 np. a album <strong>Pop Smoke<\/strong>\u2019a, gwiazdy drillu. To album po\u015bmiertny, co zreszt\u0105 wiele o klimacie drillu m\u00f3wi. <\/p>\n\n\n\n<p>\u201ePeryferie 2\u201d s\u0105 drillowe. Wraca znany sampel  (z  &#8222;A Taste of Honey&#8221; <strong>Herba Alperta &amp; The Tijuana Brass<\/strong>), wa\u017cniejszy jest jednak gniot\u0105cy bas i szatkowana perkusja serwowane przez po\u0142\u0105czone si\u0142y<strong> 808mane<\/strong> oraz <strong>HVZX<\/strong>.  Rudera z poprzedniego klipu ust\u0105pi\u0142a miejsca l\u015bni\u0105cym wie\u017cowcom, \u0142adnym muralom, odnowionym fasadom kamienic. Waldemar Kasta ma jeszcze bogatsz\u0105 biografi\u0119 \u2013 dzia\u0142acz zwi\u0105zkowy, telewizyjny prowadz\u0105cy znanego formatu, dyrektor artystyczny i konferansjer w KSW, organizacji promuj\u0105cej walki MMA, jak sam twierdzi tw\u00f3rca aktywny muzycznie na polu metalu i grunge\u2019u. Wydaje go Agora, r\u00f3wnie\u017c dlatego, \u017ce nie jest to wydawnictwo jednogatunkowe, co nie wi\u0105\u017c\u0119 r\u0105k w zwi\u0105zku z pozarapow\u0105 przysz\u0142o\u015bci\u0105. <\/p>\n\n\n\n<iframe loading=\"lazy\" width=\"100%\" height=\"315\" src=\"https:\/\/www.youtube.com\/embed\/3dvNVzAQoJk\" title=\"YouTube video player\" frameborder=\"0\" allow=\"accelerometer; autoplay; clipboard-write; encrypted-media; gyroscope; picture-in-picture; web-share\" allowfullscreen><\/iframe>\n\n\n\n<p><\/p>\n\n\n\n<p>Drillem zarazi\u0142 si\u0119 w Londynie. &#8211; <em>W Londynie drill jest niemal wszechobecny. Siedz\u0119 tam od 2004 roku z drobnymi przerwami<\/em> \u2013 m\u00f3wi\u0142 <strong>Igorowi Wi\u015bniewskiemu<\/strong> (Rytmy) pod koniec 2022.  &#8211; <em>W warstwie tekstowej nie znajdziesz trup\u00f3w i znak\u00f3w na lufie. Nawet gdybym takie rzeczy wyczynia\u0142, tobym o tym nie opowiada\u0142 (\u2026) Drill kojarzy mi si\u0119 z najbardziej ortodoksyjn\u0105 grup\u0105 szturmow\u0105 ulicznego gangu. Um\u00f3wmy si\u0119, \u017ce ja szefem ulicznego gangu nie jestem. Dlatego drill dla mnie to tylko subgatunek w obr\u0119bie hip-hopu. Po przes\u0142uchaniu tej p\u0142yty ludzie zrozumiej\u0105, \u017ce nie ma tam gloryfikacji ulic<\/em> \u2013 dodawa\u0142.<\/p>\n\n\n\n<p>W \u201ePeryferiach 2\u201d pada okre\u015blenie <em>rap cyganeria<\/em>, dziennikarz o nie dopytuje. &#8211; <em>Byli\u015bmy zbieranin\u0105 pewnej awangardowej grupy poet\u00f3w. St\u0105d w\u0142a\u015bnie cyganeria (\u2026)  To jest ta wielow\u0105tkowo\u015b\u0107 K.A.S.T.Y. i naszego podej\u015bcia. Reprezentowali\u015bmy warto\u015bci i przekazali\u015bmy je dalej. W mojej ocenie wszystko si\u0119 tu zgadza<\/em> &#8211; t\u0142umaczy Waldemar.  <\/p>\n\n\n\n<p>Paradoksalnie drill sta\u0142 si\u0119 szans\u0105 nie tylko dla m\u0142odych, ale i dla do\u015bwiadczonych zawodnik\u00f3w. Premiuje niskie, chrapliwe g\u0142osy, wyra\u017anie dzielone flow, s\u0142yszalne uliczne obycie. Na p\u0142ycie jest zatem <strong>Kacza<\/strong>, chuligan pami\u0119tany z debiutu <strong>Molesty<\/strong>. W \u201ePeryferiach 2\u201d nie ma niestety Gurala \u2013 a szkoda, prze\u0142ama\u0142by pewn\u0105 monotoni\u0119 s\u0142yszaln\u0105 ju\u017c po trzech minutach gadki \u2013 niemniej panowie podrillowali ju\u017c sobie wcze\u015bniej, w guralowym singlu \u201eMaradona\u201d. Waldek wypad\u0142 tam znakomicie. <\/p>\n\n\n\n<iframe loading=\"lazy\" width=\"100%\" height=\"315\" src=\"https:\/\/www.youtube.com\/embed\/35X0ai1wTKY\" title=\"YouTube video player\" frameborder=\"0\" allow=\"accelerometer; autoplay; clipboard-write; encrypted-media; gyroscope; picture-in-picture; web-share\" allowfullscreen><\/iframe>\n\n\n\n<p><\/p>\n\n\n\n<p>Nowy numer te\u017c nale\u017cy uzna\u0107 za udany. Bit jest \u015bwiatowy, podgatunek \u015brednio sprzyjaj\u0105cy przekazowi, a i tak s\u0142uchamy s\u0142\u00f3w, koncentrujemy si\u0119 na nich. Kiedy Kasta podnosi g\u0142os, \u017ceby zarapowa\u0107 <em>Ja jestem kolesiem, co w potrzebie, gdy jeste\u015b na glebie, przynajmniej ci\u0119 z niej podniesie<\/em> \u2013 to jest to naprawd\u0119 mocny wers. Wra\u017cenie robi\u0107 mo\u017ce odci\u0119cie si\u0119 od konsumpcjonizmu wpisanego w t\u0119 muzyk\u0119. <em>Masz super w\u00f3z, wow, luz,  ja mam w\u00f3z albo przew\u00f3z<\/em> \u2013 to kolejna linijka do zapami\u0119tania.<\/p>\n\n\n\n<p>T\u0119 ostatni\u0105 zacytowan\u0105 niech b\u0119dzie  <em>Cho\u0107 nie m\u00f3j, nie m\u00f3j masz na \u015bcianie plakat \/ to od lat mnie ma\u0142pujesz jak makak<\/em>. To nie s\u0105 czcze przechwa\u0142ki. Kasta \u017cegna si\u0119 z rapem b\u0119d\u0105c \u015bwiadomym swojej warto\u015bci i szanowanym, ma na p\u0142ycie \u201eNestor\u201d wielopokoleniow\u0105 list\u0119 go\u015bci (opr\u00f3cz wspomnianego Kaczy m.in. <strong>Kabe, Miszel, Sitek, \u0143emy, Sarius, Frosti, Berson, Paluch<\/strong>; nie ma lepszej rodzimej obsady drillowej p\u0142yty), modnych producent\u00f3w na li\u015bcie p\u0142ac, odnajduje si\u0119 w estetyce nijak nie b\u0119d\u0105cej dla niego t\u0105 macierzyst\u0105 (opr\u00f3cz Szamsa, np. <strong>Worek, Swizzy<\/strong>). Wystawia si\u0119 na sprzeda\u017c, ale w takiej konwencji i na takich warunkach, jak sobie \u017cyczy. <\/p>\n\n\n\n<p>To, co, \u201ePeryferie 3\u201d w 2044 roku? Wcale nie postawi\u0142bym pieni\u0119dzy na to, \u017ce ich nie b\u0119dzie. A ju\u017c na pewno nie na to, pod jak\u0105 muzyk\u0119 dadz\u0105 si\u0119 wtedy podpi\u0105\u0107. Mo\u017ce nikt ju\u017c jej nie b\u0119dzie dzieli\u0107?<\/p>\n\n\n\n<iframe style=\"border-radius:12px\" src=\"https:\/\/open.spotify.com\/embed\/album\/7JYyRcjDA9C3fc96vOhgZD?utm_source=generator\" width=\"100%\" height=\"352\" frameBorder=\"0\" allowfullscreen=\"\" allow=\"autoplay; clipboard-write; encrypted-media; fullscreen; picture-in-picture\" loading=\"lazy\"><\/iframe>\n","protected":false},"excerpt":{"rendered":"<p>Wczoraj, 21 lipca, min\u0119\u0142o 21 lat od premiery \u201ePeryferii\u201d, jednego z najwa\u017cniejszych singli rapowych 2002 roku. Wczoraj te\u017c jego autor (a w\u0142a\u015bciwie wsp\u00f3\u0142autor, o czym p\u00f3\u017aniej) Waldemar Kasta pokaza\u0142 \u015bwiatu \u201ePeryferie 2\u201d, wyda\u0142 album \u201eNestor\u201d i spi\u0105\u0142 klamr\u0105 rapow\u0105 karier\u0119. \u201ePeryferie\u201d by\u0142y du\u017ce. Siedem i p\u00f3\u0142 miliona wy\u015bwietle\u0144 na YouTube zupe\u0142nie nie oddaje tego, jak [&hellip;]<\/p>\n","protected":false},"author":7,"featured_media":1819,"comment_status":"open","ping_status":"open","sticky":false,"template":"","format":"standard","meta":{"footnotes":""},"categories":[1],"tags":[1129,232,1130,1131,266,10],"_links":{"self":[{"href":"https:\/\/blog.polityka.pl\/flint\/wp-json\/wp\/v2\/posts\/1815"}],"collection":[{"href":"https:\/\/blog.polityka.pl\/flint\/wp-json\/wp\/v2\/posts"}],"about":[{"href":"https:\/\/blog.polityka.pl\/flint\/wp-json\/wp\/v2\/types\/post"}],"author":[{"embeddable":true,"href":"https:\/\/blog.polityka.pl\/flint\/wp-json\/wp\/v2\/users\/7"}],"replies":[{"embeddable":true,"href":"https:\/\/blog.polityka.pl\/flint\/wp-json\/wp\/v2\/comments?post=1815"}],"version-history":[{"count":2,"href":"https:\/\/blog.polityka.pl\/flint\/wp-json\/wp\/v2\/posts\/1815\/revisions"}],"predecessor-version":[{"id":1820,"href":"https:\/\/blog.polityka.pl\/flint\/wp-json\/wp\/v2\/posts\/1815\/revisions\/1820"}],"wp:featuredmedia":[{"embeddable":true,"href":"https:\/\/blog.polityka.pl\/flint\/wp-json\/wp\/v2\/media\/1819"}],"wp:attachment":[{"href":"https:\/\/blog.polityka.pl\/flint\/wp-json\/wp\/v2\/media?parent=1815"}],"wp:term":[{"taxonomy":"category","embeddable":true,"href":"https:\/\/blog.polityka.pl\/flint\/wp-json\/wp\/v2\/categories?post=1815"},{"taxonomy":"post_tag","embeddable":true,"href":"https:\/\/blog.polityka.pl\/flint\/wp-json\/wp\/v2\/tags?post=1815"}],"curies":[{"name":"wp","href":"https:\/\/api.w.org\/{rel}","templated":true}]}}