
{"id":1326,"date":"2024-05-08T12:27:04","date_gmt":"2024-05-08T10:27:04","guid":{"rendered":"https:\/\/guetta.blog.polityka.pl\/?p=1326"},"modified":"2024-05-08T15:18:17","modified_gmt":"2024-05-08T13:18:17","slug":"podwojna-wiadomosc-z-tbilisi","status":"publish","type":"post","link":"https:\/\/blog.polityka.pl\/guetta\/2024\/05\/08\/podwojna-wiadomosc-z-tbilisi\/","title":{"rendered":"Podw\u00f3jna wiadomo\u015b\u0107 z Tbilisi"},"content":{"rendered":"\n<p>Nie chc\u0105 si\u0119 podda\u0107. Demonstranci, kt\u00f3rzy noc w noc wychodz\u0105 na ulice Tbilisi, nie godz\u0105 si\u0119 na to, by Bidzina Iwaniszwili, najbogatszy cz\u0142owiek w Gruzji, wykorzysta\u0142 wi\u0119kszo\u015b\u0107 parlamentarn\u0105 do przepchni\u0119cia ustawy, na mocy kt\u00f3rej opozycj\u0119 nale\u017ca\u0142oby uzna\u0107 za \u201ezagranicznych agent\u00f3w\u201d.<\/p>\n\n\n\n<!--more-->\n\n\n\n<p>Zrobi\u0142a to ju\u017c Moskwa, a konsekwencje s\u0105 dobrze znane. Ca\u0142a wolna prasa znikn\u0119\u0142a, jakakolwiek krytyka rz\u0105du prowadzi do uwi\u0119zienia, a nawet \u015bmierci, wraca strach i dyktatura \u2013 to jest \u201emodel Putina\u201d.<\/p>\n\n\n\n<p>Tbilisi protestuje przed najnowsz\u0105 pr\u00f3b\u0105 Kremla przywr\u00f3cenia imperialnych granic Rosji. W 2008 r. mia\u0142 miejsce pierwszy atak &#8211; dwie z prowincji znalaz\u0142y si\u0119 z powrotem pod rosyjsk\u0105 kontrol\u0105. Potem nast\u0105pi\u0142a aneksja Krymu, secesja Donbasu i inwazja na Ukrain\u0119. W\u0142adimir Putin ponownie atakuje Gruzj\u0119, tym razem poprzez swojego wasala Iwaniszwilego, po\u015brednika, kt\u00f3ry ma u niego d\u0142ug.<\/p>\n\n\n\n<p>To oczywi\u015bcie budzi dreszcze. I przera\u017ca, bo s\u0142u\u017cby wywiadowcze wydaj\u0105 si\u0119 mie\u0107 wszelkie powody, aby przypisywa\u0107 Kremlowi liczne operacje sabota\u017cowe w Europie. Demokracje nie mog\u0105 opuszcza\u0107 gardy w Ukrainie teraz bardziej ni\u017c kiedykolwiek. Nie mog\u0105 pozwoli\u0107 Putinowi wygra\u0107. Ale jeszcze jeden wniosek mo\u017cna wyci\u0105gn\u0105\u0107 z tego gruzi\u0144skiego si\u0142owania si\u0119 na r\u0119k\u0119.<\/p>\n\n\n\n<p>Gruzja nie tylko demonstruje niepodleg\u0142o\u015b\u0107 i demokracj\u0119, nie tylko pokazuje powszechno\u015b\u0107 d\u0105\u017cenia do wolno\u015bci. Podobnie jak w przypadku Ukrainy 80 proc. jej ludno\u015bci chce przyst\u0105pi\u0107 do Unii Europejskiej. Mi\u0119dzy Federacj\u0105 Rosyjsk\u0105 a Uni\u0105, kt\u00f3rych flagi powiewaj\u0105 w Tbilisi, Gruzini dokonali tak jednoznacznego wyboru, \u017ce partia Iwaniszwilego, Gruzi\u0144skie Marzenie, musia\u0142a si\u0119 opowiedzie\u0107 za wst\u0105pieniem do UE. Negocjacje s\u0105 obecnie otwarte.<\/p>\n\n\n\n<p>Innymi s\u0142owy: Putin i jego re\u017cim widz\u0105, \u017ce ich w\u0142adza jest os\u0142abiana przez demokratyczn\u0105 zaraz\u0119, wi\u0119c musz\u0105 wyci\u0105gn\u0105\u0107 pazury. Pope\u0142niaj\u0105 mordy w Ukrainie i mog\u0105 mocno rozprawi\u0107 si\u0119 z Gruzj\u0105. Ale czy w Tbilisi uda si\u0119 to, co nie udaje si\u0119 w Kijowie?<\/p>\n\n\n\n<p>Odpowied\u017a brzmi: nie. Zwyci\u0119stwo, kt\u00f3rego Kreml nie mo\u017ce osi\u0105gn\u0105\u0107 na jednym froncie, by\u0142oby jeszcze bardziej nieosi\u0105galne na dw\u00f3ch frontach naraz. Prezydent Rosji nie ma \u015brodk\u00f3w, \u017ceby przywr\u00f3ci\u0107 imperium car\u00f3w, nawet ZSRR. Jego dyktatura odsuwa od Rosji by\u0142e republiki radzieckie, kt\u00f3re tak bardzo chcia\u0142by zn\u00f3w przy\u0142\u0105czy\u0107. Dla Rosji jedynym sposobem na naprawienie tej sytuacji by\u0142aby demokratyzacja, ale dop\u00f3ki Putin nie zostanie zmuszony do odwrotu z Ukrainy i przekazania w\u0142adzy, b\u0119dzie to tylko marzenie.<\/p>\n","protected":false},"excerpt":{"rendered":"<p>Nie chc\u0105 si\u0119 podda\u0107. Demonstranci, kt\u00f3rzy noc w noc wychodz\u0105 na ulice Tbilisi, nie zgadzaj\u0105 si\u0119 na to, by Bidzina Iwaniszwili, najbogatszy cz\u0142owiek w Gruzji, wykorzysta\u0142 swoj\u0105 wi\u0119kszo\u015b\u0107 parlamentarn\u0105 do zmuszenia si\u0142 opozycyjnych do og\u0142oszenia si\u0119 \u201ezagranicznymi agentami\u201d.<\/p>\n","protected":false},"author":7,"featured_media":1327,"comment_status":"closed","ping_status":"closed","sticky":false,"template":"","format":"standard","meta":{"footnotes":""},"categories":[1],"tags":[],"_links":{"self":[{"href":"https:\/\/blog.polityka.pl\/guetta\/wp-json\/wp\/v2\/posts\/1326"}],"collection":[{"href":"https:\/\/blog.polityka.pl\/guetta\/wp-json\/wp\/v2\/posts"}],"about":[{"href":"https:\/\/blog.polityka.pl\/guetta\/wp-json\/wp\/v2\/types\/post"}],"author":[{"embeddable":true,"href":"https:\/\/blog.polityka.pl\/guetta\/wp-json\/wp\/v2\/users\/7"}],"replies":[{"embeddable":true,"href":"https:\/\/blog.polityka.pl\/guetta\/wp-json\/wp\/v2\/comments?post=1326"}],"version-history":[{"count":3,"href":"https:\/\/blog.polityka.pl\/guetta\/wp-json\/wp\/v2\/posts\/1326\/revisions"}],"predecessor-version":[{"id":1331,"href":"https:\/\/blog.polityka.pl\/guetta\/wp-json\/wp\/v2\/posts\/1326\/revisions\/1331"}],"wp:featuredmedia":[{"embeddable":true,"href":"https:\/\/blog.polityka.pl\/guetta\/wp-json\/wp\/v2\/media\/1327"}],"wp:attachment":[{"href":"https:\/\/blog.polityka.pl\/guetta\/wp-json\/wp\/v2\/media?parent=1326"}],"wp:term":[{"taxonomy":"category","embeddable":true,"href":"https:\/\/blog.polityka.pl\/guetta\/wp-json\/wp\/v2\/categories?post=1326"},{"taxonomy":"post_tag","embeddable":true,"href":"https:\/\/blog.polityka.pl\/guetta\/wp-json\/wp\/v2\/tags?post=1326"}],"curies":[{"name":"wp","href":"https:\/\/api.w.org\/{rel}","templated":true}]}}